{"id":1175,"date":"2025-04-10T22:42:10","date_gmt":"2025-04-10T22:42:10","guid":{"rendered":"https:\/\/informacionlocal.es\/il-cabildo-di-fuerteventura-promuove-linnovativo-programma-di-formazione-per-famiglie-cre-ando-momentos\/"},"modified":"2025-04-14T09:44:09","modified_gmt":"2025-04-14T09:44:09","slug":"il-cabildo-di-fuerteventura-promuove-linnovativo-programma-di-formazione-per-famiglie-cre-ando-momentos","status":"publish","type":"post","link":"https:\/\/informacionlocal.es\/it\/il-cabildo-di-fuerteventura-promuove-linnovativo-programma-di-formazione-per-famiglie-cre-ando-momentos\/","title":{"rendered":"Il Cabildo di Fuerteventura promuove l&#8217;innovativo programma di formazione per famiglie &#8220;cre-ANDO momentos&#8221;."},"content":{"rendered":"<div class=\"inner-box\">\n<figure class=\"image-box\"><img fetchpriority=\"high\" decoding=\"async\" width=\"730\" height=\"500\" src=\"https:\/\/informacionlocal.es\/wp-content\/uploads\/2025\/04\/whatsapp-image-2024-10-11-at-13-32-50-730x500-2.jpeg\" class=\"attachment-whitehall_730x500 size-whitehall_730x500 wp-post-image\" title=\"whatsapp-image-2024-10-11-at-13-32-50-730x500-2\"><\/figure>\n<div class=\"post-date\">\n<h3>11Ott<span>&#8217;24<\/span><\/h3>\n<\/div>\n<div class=\"lower-content\">\n<div class=\"category\">Notizie, Annunci<\/div>\n<ul class=\"post-info clearfix\">\n<li>Stampa<\/li>\n<li>0 Commenti<\/li>\n<\/ul>\n<\/div>\n<p>Il Cabildo di Fuerteventura, attraverso il Servizio di Informazione e Prevenzione delle Dipendenze (SIPA), l&#8217;area di Azione Sociale, diretta da V\u00edctor Alonso, e in collaborazione con i comuni di Antigua, Betancuria e Tuineje, lancia l&#8217;iniziativa &#8220;cre-ANDO momentos&#8221;. Una proposta innovativa e personalizzata per le famiglie che si svolger\u00e0 nei mesi di ottobre e novembre, nei pomeriggi. <\/p>\n<p>Il progetto si sviluppa con l&#8217;obiettivo di fornire alle famiglie (madri, padri, nonni, zii o qualsiasi adulto coinvolto nell&#8217;educazione e nell&#8217;istruzione) esperienze e vissuti specifici, adattati alle reali esigenze della comunit\u00e0.<\/p>\n<p>In una prima fase del progetto, si stanno valutando le richieste e le esigenze delle famiglie di questi comuni. L&#8217;opinione dei partecipanti sar\u00e0 fondamentale per progettare un programma esperienziale che risponda realmente alle loro aspettative e alle loro sfide quotidiane. <\/p>\n<p>Cre-ANDO Moments&#8221; si distingue per l&#8217;approccio dinamico e pratico, all&#8217;insegna del motto &#8220;Verso il benessere in famiglia&#8221;. Il programma prevede attivit\u00e0 interattive e strumenti utili che consentono ai partecipanti non solo di acquisire conoscenze, ma anche di godere del processo di apprendimento in un ambiente collaborativo. <\/p>\n<p>I posti per partecipare a questa iniziativa sono <strong>limitati<\/strong> e c&#8217;\u00e8 gi\u00e0 stato un notevole interesse da parte delle famiglie, quindi gli interessati sono invitati a iscriversi al pi\u00f9 presto. Si tratta di un&#8217;<strong>opportunit\u00e0 unica e<\/strong> <strong>gratuita<\/strong> per rafforzare l&#8217;educazione e lo sviluppo a partire dall&#8217;ambiente familiare, con il supporto di specialisti e un approccio adattato a ogni realt\u00e0. <\/p>\n<p>Per ulteriori informazioni e per partecipare, si prega di accedere al modulo disponibile al link sopra indicato (https:\/\/docs.google.com\/forms\/d\/1gEOtDGy3mkaG9LLbTiMUGA5Slr7SXXM5_rwqBCJSUMw\/edit ). Per ulteriori domande, contattare: creandomomentosftv@gmail.com <\/p>\n<\/div>\n","protected":false},"excerpt":{"rendered":"<p>11Ott&#8217;24 Notizie, Annunci Stampa 0 Commenti Il Cabildo di Fuerteventura, attraverso il Servizio di Informazione e Prevenzione delle Dipendenze (SIPA), l&#8217;area di Azione Sociale, diretta da V\u00edctor Alonso, e in [&hellip;]<\/p>\n","protected":false},"author":1,"featured_media":733,"comment_status":"open","ping_status":"open","sticky":false,"template":"","format":"standard","meta":{"inline_featured_image":false,"jnews-multi-image_gallery":[],"jnews_single_post":[],"jnews_primary_category":[],"jnews_social_meta":[],"jnews_override_counter":[],"jnews_post_split":[],"footnotes":""},"categories":[289],"tags":[236,202,223,220,221],"class_list":["post-1175","post","type-post","status-publish","format-standard","has-post-thumbnail","hentry","category-cabildo-it","tag-assistenza-sociale","tag-comuni","tag-fuerteventura-it","tag-integrazione","tag-istruzione"],"jetpack_featured_media_url":"https:\/\/informacionlocal.es\/wp-content\/uploads\/2025\/04\/whatsapp-image-2024-10-11-at-13-32-50-730x500-1.jpeg","_links":{"self":[{"href":"https:\/\/informacionlocal.es\/it\/wp-json\/wp\/v2\/posts\/1175","targetHints":{"allow":["GET"]}}],"collection":[{"href":"https:\/\/informacionlocal.es\/it\/wp-json\/wp\/v2\/posts"}],"about":[{"href":"https:\/\/informacionlocal.es\/it\/wp-json\/wp\/v2\/types\/post"}],"author":[{"embeddable":true,"href":"https:\/\/informacionlocal.es\/it\/wp-json\/wp\/v2\/users\/1"}],"replies":[{"embeddable":true,"href":"https:\/\/informacionlocal.es\/it\/wp-json\/wp\/v2\/comments?post=1175"}],"version-history":[{"count":1,"href":"https:\/\/informacionlocal.es\/it\/wp-json\/wp\/v2\/posts\/1175\/revisions"}],"predecessor-version":[{"id":1457,"href":"https:\/\/informacionlocal.es\/it\/wp-json\/wp\/v2\/posts\/1175\/revisions\/1457"}],"wp:featuredmedia":[{"embeddable":true,"href":"https:\/\/informacionlocal.es\/it\/wp-json\/wp\/v2\/media\/733"}],"wp:attachment":[{"href":"https:\/\/informacionlocal.es\/it\/wp-json\/wp\/v2\/media?parent=1175"}],"wp:term":[{"taxonomy":"category","embeddable":true,"href":"https:\/\/informacionlocal.es\/it\/wp-json\/wp\/v2\/categories?post=1175"},{"taxonomy":"post_tag","embeddable":true,"href":"https:\/\/informacionlocal.es\/it\/wp-json\/wp\/v2\/tags?post=1175"}],"curies":[{"name":"wp","href":"https:\/\/api.w.org\/{rel}","templated":true}]}}