{"id":11715,"date":"2025-10-01T13:58:27","date_gmt":"2025-10-01T12:58:27","guid":{"rendered":"https:\/\/informacionlocal.es\/candil-de-cuentos-inicia-la-magia-de-la-narrativa-oral-con-el-taller-de-contar-historias\/"},"modified":"2025-10-01T13:58:27","modified_gmt":"2025-10-01T12:58:27","slug":"candil-de-cuentos-inicia-la-magia-de-la-narrativa-oral-con-el-taller-de-contar-historias","status":"publish","type":"post","link":"https:\/\/informacionlocal.es\/it\/candil-de-cuentos-inicia-la-magia-de-la-narrativa-oral-con-el-taller-de-contar-historias\/","title":{"rendered":"Candil de Cuentos inicia la magia de la narrativa oral con el Taller de Contar Historias"},"content":{"rendered":"<div class=\"elementor-widget-container\">\n<div class=\"wp-video\"><video class=\"wp-video-shortcode\" id=\"video-9306-1\" width=\"800\" height=\"343\" preload=\"metadata\" controls=\"controls\"><source type=\"video\/mp4\" src=\"https:\/\/ayto-antigua.es\/wp-content\/uploads\/2025\/10\/Video-de-WhatsApp-2025-09-30-a-las-17.07.48_32c39964.mp4?_=1\" \/><\/video><\/div>\n<p><strong>Candil de Cuentos inicia la magia de la narrativa oral con el Taller de Contar Historias<\/strong><\/p>\n<p><strong>\u2022 Este jueves 2 de octubre en la Biblioteca Municipal de Antigua comienza el taller El arte de contar Historias que imparte la conocida Cuentacuentos Gema Guti\u00e9rrez Escobar, art\u00edsticamente Gema Ge.<\/strong><\/p>\n<p><strong>\u2022 El viernes 3 a la misma hora y en el mismo lugar, el espect\u00e1culo de narraci\u00f3n oral, Cuentos er\u00f3ticos y algo m\u00e1s, ofrecido por los tinerfe\u00f1os Marianexy Yanes &amp; Levis Aliaga.<\/strong><\/p>\n<p>La quinta edici\u00f3n de Candil de Cuentos comienza esta primera semana de octubre, ofreciendo cada jueves de este mes a las 19:30 horas el taller de narraci\u00f3n oral, El arte de contar historias, que imparte la magn\u00edfica narradora, Gema Guti\u00e9rrez Escobar, conocida popularmente como Gema Ge.<\/p>\n<p>El arte de contar historias es un taller que suma a la salud, porque suma a la imaginaci\u00f3n, a la creatividad, al descubrimiento de canales de expresi\u00f3n por medio del valor de la palabra, aportando herramientas para contar, para narrar, para descubrir y descubrirse en el arte de contar historias, afirma Gema Ge, si a esto le aplicas un poco de magia, misterio o simpat\u00eda, obtendr\u00e1s la plena atenci\u00f3n de cualquier p\u00fablico, grande o peque\u00f1o, serio o divertido.<\/p>\n<p>Si Candil de Cuentos ofrece cada jueves por la parte los Talleres sobre el Arte de Contar Historias, siempre de inscripci\u00f3n gratuita, recuerda el concejal de Cultura, Jonathan Pe\u00f1a, los viernes a las 19:30 horas, en un espacio perfecto como es el Patio de la Casa Canaria El Port\u00f3n, que es la Biblioteca de Antigua, los candiles se encienden y comienzan las narraciones orales para adultos, que este viernes 3 de octubre nos ofrece el espect\u00e1culo Todos nos une, cuentos er\u00f3ticos y algo m\u00e1s, que nos ofrecen los tinerfe\u00f1os, Marianexys Yanes y la m\u00fasica de Levis Aliaga.<\/p>\n<p>El concejal recuerda que la participaci\u00f3n es completamente gratuita, siendo el \u00fanico requisito inscribirse previamente llamando al 928549663 o enviando un email a biblioteca@ayto-antigua.es, con el fin de controlar el aforo limitado e \u00edntimo que ofrece el patio de El Port\u00f3n.<\/p>\n<p>\u00a0<\/p>\n<\/div>\n","protected":false},"excerpt":{"rendered":"<p>Candil de Cuentos inicia la magia de la narrativa oral con el Taller de Contar Historias \u2022 Este jueves 2 de octubre en la Biblioteca Municipal de Antigua comienza el [&hellip;]<\/p>\n","protected":false},"author":1,"featured_media":11717,"comment_status":"open","ping_status":"open","sticky":false,"template":"","format":"standard","meta":{"inline_featured_image":false,"jnews-multi-image_gallery":[],"jnews_single_post":[],"jnews_primary_category":[],"jnews_social_meta":[],"jnews_override_counter":[],"jnews_post_split":[],"footnotes":""},"categories":[59],"tags":[],"class_list":["post-11715","post","type-post","status-publish","format-standard","has-post-thumbnail","hentry","category-antigua"],"jetpack_featured_media_url":"https:\/\/informacionlocal.es\/wp-content\/uploads\/2025\/10\/cartel-01-scaled-1.jpg","_links":{"self":[{"href":"https:\/\/informacionlocal.es\/it\/wp-json\/wp\/v2\/posts\/11715","targetHints":{"allow":["GET"]}}],"collection":[{"href":"https:\/\/informacionlocal.es\/it\/wp-json\/wp\/v2\/posts"}],"about":[{"href":"https:\/\/informacionlocal.es\/it\/wp-json\/wp\/v2\/types\/post"}],"author":[{"embeddable":true,"href":"https:\/\/informacionlocal.es\/it\/wp-json\/wp\/v2\/users\/1"}],"replies":[{"embeddable":true,"href":"https:\/\/informacionlocal.es\/it\/wp-json\/wp\/v2\/comments?post=11715"}],"version-history":[{"count":0,"href":"https:\/\/informacionlocal.es\/it\/wp-json\/wp\/v2\/posts\/11715\/revisions"}],"wp:featuredmedia":[{"embeddable":true,"href":"https:\/\/informacionlocal.es\/it\/wp-json\/wp\/v2\/media\/11717"}],"wp:attachment":[{"href":"https:\/\/informacionlocal.es\/it\/wp-json\/wp\/v2\/media?parent=11715"}],"wp:term":[{"taxonomy":"category","embeddable":true,"href":"https:\/\/informacionlocal.es\/it\/wp-json\/wp\/v2\/categories?post=11715"},{"taxonomy":"post_tag","embeddable":true,"href":"https:\/\/informacionlocal.es\/it\/wp-json\/wp\/v2\/tags?post=11715"}],"curies":[{"name":"wp","href":"https:\/\/api.w.org\/{rel}","templated":true}]}}