{"id":1164,"date":"2025-04-10T23:48:40","date_gmt":"2025-04-10T23:48:40","guid":{"rendered":"https:\/\/informacionlocal.es\/gli-equipaggi-accelerano-i-lavori-a-cactus-garden-e-las-penitas-per-terminarli-oggi\/"},"modified":"2025-04-14T09:44:43","modified_gmt":"2025-04-14T09:44:43","slug":"gli-equipaggi-accelerano-i-lavori-a-cactus-garden-e-las-penitas-per-terminarli-oggi","status":"publish","type":"post","link":"https:\/\/informacionlocal.es\/it\/gli-equipaggi-accelerano-i-lavori-a-cactus-garden-e-las-penitas-per-terminarli-oggi\/","title":{"rendered":"Gli equipaggi accelerano i lavori a Cactus Garden e Las Pe\u00f1itas per terminarli oggi"},"content":{"rendered":"<div class=\"entry-content\">\n<p><strong>9 aprile 2025<\/strong><\/p>\n<p><strong>L&#8217;allerta pioggia e la preallerta per le tempeste e il rischio di inondazioni condizionano il piano di lavoro per &#8220;Fuerteventura, bella per natura&#8221;.<\/strong><\/p>\n<p>Le squadre del programma del Cabildo &#8220;Fuerteventura, bella per natura&#8221; hanno modificato il loro piano di lavoro per concludere oggi i lavori nel Giardino dei Cactus del Museo del Formaggio e a Las Pe\u00f1itas, in entrambi i casi nel loro tratto finale. Questo cambiamento \u00e8 dovuto all&#8217;allerta pioggia e alla preallerta per temporali e rischio di inondazioni.<\/p>\n<p>Il Cabildo di Fuerteventura ha deciso di modificare il programma e di accelerarlo per cercare di concludere entrambi gli interventi prima dell&#8217;arrivo delle piogge e non dover quindi rimandare il loro completamento alla prossima settimana.<\/p>\n<p>Queste opere di &#8220;Fuerteventura, bella per natura&#8221;, &#8220;abbelliscono aree paesaggistiche, migliorando un luogo di attrazione sia per i visitatori che per i residenti, come i giardini del Museo del Formaggio, cos\u00ec come Las Pe\u00f1itas&#8221;, spiega la presidente del Cabildo, Lola Garc\u00eda.<\/p>\n<p>L&#8217;appalto assegnato a Gesplan dal dipartimento guidato da Blas Acosta prevede azioni da realizzare nell&#8217;arco di 15 mesi, tra il 2024 e il 2025. In entrambi gli anni, quattro milioni di euro saranno investiti in un centinaio di &#8220;azioni di prossimit\u00e0&#8221; che influiscono direttamente sulla conservazione dell&#8217;ambiente naturale, sulla buona percezione dei visitatori e sulla qualit\u00e0 della vita dei residenti.<\/p>\n<p>Il Museo del Formaggio di Antigua e i suoi dintorni sono un chiaro punto di riferimento turistico, un contrappunto essenziale per completare l&#8217;offerta balneare. Ma allo stesso tempo, questo complesso concentra e spiega gran parte della personalit\u00e0 del Majorero, della sua identit\u00e0, con elementi come il suo emblematico Giardino dei Cactus.<\/p>\n<p>Il complesso museale ha beneficiato di un progetto di ampio respiro che comprende migliorie come lo sgombero, la pulizia e il miglioramento delle aree verdi, oltre al recupero di circa 180 metri di muri in pietra. L&#8217;abbellimento del Giardino dei Cactus \u00e8 il culmine del lavoro svolto dal team Gesplan inviato dal Cabildo.<\/p>\n<p>Per quanto riguarda il burrone di Las Pe\u00f1itas, uno dei pi\u00f9 emblematici e monumentali di Fuerteventura, gli equipaggi lo avevano gi\u00e0 sottoposto due mesi fa a un&#8217;accurata pulizia della vegetazione e dei rifiuti che ostruivano il corso d&#8217;acqua naturale. Il ritorno al burrone in questi giorni mira a rafforzare il lavoro di pulizia e sgombero e a migliorare l&#8217;immagine dell&#8217;ambiente naturale di Las Pe\u00f1itas, in particolare dei suoi sentieri.<\/p>\n<p>Il burrone di Las Pe\u00f1itas \u00e8 un&#8217;enclave eccezionale sull&#8217;isola di Fuerteventura. Questo luogo emblematico si trova all&#8217;interno dell&#8217;Area Naturale Protetta del Parco Rurale di Betancuria. Il burrone di Las Pe\u00f1itas si estende dalla citt\u00e0 di Betancuria fino alla testa del burrone di Mal Paso. \u00c8 conosciuto come Las Pe\u00f1itas in relazione all&#8217;omonima diga costruita nel 1937.<\/p>\n<\/div>\n","protected":false},"excerpt":{"rendered":"<p>9 aprile 2025 L&#8217;allerta pioggia e la preallerta per le tempeste e il rischio di inondazioni condizionano il piano di lavoro per &#8220;Fuerteventura, bella per natura&#8221;. Le squadre del programma [&hellip;]<\/p>\n","protected":false},"author":1,"featured_media":745,"comment_status":"open","ping_status":"open","sticky":false,"template":"","format":"standard","meta":{"inline_featured_image":false,"jnews-multi-image_gallery":[],"jnews_single_post":{"format":"standard","override":[{"template":"1","parallax":"1","fullscreen":"1","layout":"double-sidebar","sidebar":"single-left","second_sidebar":"default-sidebar","sticky_sidebar":"1","share_position":"top","share_float_style":"share-monocrhome","show_featured":"1","show_post_meta":"1","show_post_author_image":"1","show_post_date":"1","post_date_format":"default","post_date_format_custom":"Y\/m\/d","show_post_category":"1","show_post_reading_time":"0","post_reading_time_wpm":"300","post_calculate_word_method":"str_word_count","show_zoom_button":"1","zoom_button_out_step":"2","zoom_button_in_step":"3","show_post_tag":"1","show_prev_next_post":"1","show_popup_post":"1","number_popup_post":"1","show_author_box":"0","show_post_related":"0"}],"image_override":[{"single_post_thumbnail_size":"no-crop","single_post_gallery_size":"crop-500"}],"trending_post_position":"meta","trending_post_label":"Trending","sponsored_post_label":"Sponsored by","disable_ad":"0","subtitle":""},"jnews_primary_category":[],"jnews_social_meta":[],"jnews_override_counter":{"view_counter_number":"0","share_counter_number":"0","like_counter_number":"0","dislike_counter_number":"0"},"jnews_post_split":{"post_split":[{"template":"1","tag":"h2","numbering":"asc","mode":"normal","first":"0","enable_toc":"0","toc_type":"normal"}]},"footnotes":""},"categories":[289],"tags":[205,202,224,223,225],"class_list":["post-1164","post","type-post","status-publish","format-standard","has-post-thumbnail","hentry","category-cabildo-it","tag-ambiente","tag-comuni","tag-cultura-e-tempo-libero","tag-fuerteventura-it","tag-regolamenti"],"jetpack_featured_media_url":"https:\/\/informacionlocal.es\/wp-content\/uploads\/2025\/04\/las-cuadrillas.jpeg","_links":{"self":[{"href":"https:\/\/informacionlocal.es\/it\/wp-json\/wp\/v2\/posts\/1164","targetHints":{"allow":["GET"]}}],"collection":[{"href":"https:\/\/informacionlocal.es\/it\/wp-json\/wp\/v2\/posts"}],"about":[{"href":"https:\/\/informacionlocal.es\/it\/wp-json\/wp\/v2\/types\/post"}],"author":[{"embeddable":true,"href":"https:\/\/informacionlocal.es\/it\/wp-json\/wp\/v2\/users\/1"}],"replies":[{"embeddable":true,"href":"https:\/\/informacionlocal.es\/it\/wp-json\/wp\/v2\/comments?post=1164"}],"version-history":[{"count":1,"href":"https:\/\/informacionlocal.es\/it\/wp-json\/wp\/v2\/posts\/1164\/revisions"}],"predecessor-version":[{"id":1461,"href":"https:\/\/informacionlocal.es\/it\/wp-json\/wp\/v2\/posts\/1164\/revisions\/1461"}],"wp:featuredmedia":[{"embeddable":true,"href":"https:\/\/informacionlocal.es\/it\/wp-json\/wp\/v2\/media\/745"}],"wp:attachment":[{"href":"https:\/\/informacionlocal.es\/it\/wp-json\/wp\/v2\/media?parent=1164"}],"wp:term":[{"taxonomy":"category","embeddable":true,"href":"https:\/\/informacionlocal.es\/it\/wp-json\/wp\/v2\/categories?post=1164"},{"taxonomy":"post_tag","embeddable":true,"href":"https:\/\/informacionlocal.es\/it\/wp-json\/wp\/v2\/tags?post=1164"}],"curies":[{"name":"wp","href":"https:\/\/api.w.org\/{rel}","templated":true}]}}