{"id":1163,"date":"2025-04-10T23:56:43","date_gmt":"2025-04-10T23:56:43","guid":{"rendered":"https:\/\/informacionlocal.es\/i-supermercati-padilla-e-i-commissari-costieri-riconosciuti-al-feaga\/"},"modified":"2025-04-14T10:15:30","modified_gmt":"2025-04-14T10:15:30","slug":"i-supermercati-padilla-e-i-commissari-costieri-riconosciuti-al-feaga","status":"publish","type":"post","link":"https:\/\/informacionlocal.es\/it\/i-supermercati-padilla-e-i-commissari-costieri-riconosciuti-al-feaga\/","title":{"rendered":"I supermercati Padilla e i Commissari costieri, riconosciuti al FEAGA"},"content":{"rendered":"<div class=\"article-content-inner\">\n<h2 class=\"wp-block-heading\">La famiglia Padilla, originaria di Tuineje, e i Commissari dell&#8217;Isola, premiati durante la fiera per il loro lavoro a favore del settore primario e del patrimonio culturale.<\/h2>\n<p><strong>Domenica 6 aprile 2025<\/strong><\/p>\n<p>Ieri si \u00e8 svolto un doppio tributo nell&#8217;ambito della Fiera dell&#8217;Agricoltura, dell&#8217;Allevamento e della Pesca di Fuerteventura: il riconoscimento del Supermercados Padilla e dei Commissari della Costa di Fuerteventura per il loro contributo allo sviluppo del settore primario e alla conservazione delle tradizioni pi\u00f9 radicate dell&#8217;isola.<\/p>\n<h3 class=\"wp-block-heading\">Riconoscimento dei Supermercados Padilla<\/h3>\n<p>La famiglia Padilla, originaria del comune di Tuineje, ha ricevuto il premio per il suo fermo impegno nella promozione e commercializzazione dei prodotti locali. Il loro lavoro, a capo del Supermercados Padilla, \u00e8 stato fondamentale per rendere visibili e posizionare sul mercato i prodotti che nascono dagli sforzi quotidiani degli agricoltori, degli allevatori e dei pescatori di Fuerteventura. <\/p>\n<p>Jonathan Pe\u00f1a, assessore al Settore Primario del Comune di Tuineje, ha dichiarato: &#8220;Siamo molto contenti che FEAGA abbia riconosciuto quest&#8217;anno il lavoro del Supermercados Padilla. Da anni dimostrano che \u00e8 possibile fare impresa partendo dall&#8217;impegno per la nostra terra e per chi ci lavora ogni giorno. L&#8217;impegno per i prodotti locali \u00e8 fondamentale per mantenere viva l&#8217;identit\u00e0 agricola e zootecnica di Fuerteventura&#8221;.<\/p>\n<p>Anche il sindaco di Tuineje, Candelaria Umpi\u00e9rrez, ha espresso la sua gratitudine: &#8220;La famiglia Padilla \u00e8 un esempio dello spirito imprenditoriale e delle radici della nostra cultura. Da Tuineje festeggiamo questo riconoscimento che valorizza decenni di sforzi, perseveranza e amore per ci\u00f2 che \u00e8 nostro&#8221;.<\/p>\n<h3 class=\"wp-block-heading\">Omaggio ai commissari costieri<\/h3>\n<p>Anche i Commissari della Costa di Fuerteventura hanno avuto il loro momento di gloria per il loro ruolo nella conservazione e trasmissione di una delle tradizioni pi\u00f9 rappresentative del mondo rurale di Fuerteventura: <strong>le Apa\u00f1adas<\/strong>, recentemente dichiarate <strong>Bene di Interesse Culturale (BIC).<\/strong><\/p>\n<div class=\"wp-block-image\">\n<figure class=\"alignleft size-large is-resized\"><img fetchpriority=\"high\" decoding=\"async\" width=\"768\" height=\"1024\" src=\"https:\/\/informacionlocal.es\/wp-content\/uploads\/2025\/04\/ea5d4e7f-2bf6-4ea9-9092-f29a904c8f1c-768x1024-1.jpg\" class=\"wp-image-7685\" title=\"ea5d4e7f-2bf6-4ea9-9092-f29a904c8f1c-768x1024-1\"><\/figure>\n<\/div>\n<p>Da parte del Comune vorremmo fare una menzione speciale a <strong>Mart\u00edn Cano<\/strong>, commissario di Tuineje. La sua dedizione \u00e8 stata fondamentale per mantenere viva questa pratica ancestrale che rappresenta il legame tra l&#8217;allevamento, il paesaggio e l&#8217;idiosincrasia di Maiorca. <\/p>\n<p>&#8220;Il lavoro dei commissari va ben oltre l&#8217;organizzazione delle apa\u00f1adas: \u00e8 un impegno per la memoria collettiva, per i valori della comunit\u00e0 e per la cura del territorio&#8221;, ha dichiarato Jonathan Pe\u00f1a.<\/p>\n<p>Il sindaco Candelaria Umpi\u00e9rrez ha aggiunto: &#8220;Riconoscere i nostri commissari significa riconoscere coloro che hanno reso possibile che le nostre tradizioni restino vive, rispettate e protette. Mart\u00edn Cano rappresenta quello spirito di silenziosa dedizione che tanto apprezziamo da parte del Comune&#8221;.<\/p>\n<\/div>\n","protected":false},"excerpt":{"rendered":"<p>La famiglia Padilla, originaria di Tuineje, e i Commissari dell&#8217;Isola, premiati durante la fiera per il loro lavoro a favore del settore primario e del patrimonio culturale. Domenica 6 aprile [&hellip;]<\/p>\n","protected":false},"author":1,"featured_media":757,"comment_status":"open","ping_status":"open","sticky":false,"template":"","format":"standard","meta":{"inline_featured_image":false,"jnews-multi-image_gallery":[],"jnews_single_post":[],"jnews_primary_category":[],"jnews_social_meta":[],"jnews_override_counter":[],"jnews_post_split":[],"footnotes":""},"categories":[301],"tags":[205,202,224,238,223],"class_list":["post-1163","post","type-post","status-publish","format-standard","has-post-thumbnail","hentry","category-tuineje-it","tag-ambiente","tag-comuni","tag-cultura-e-tempo-libero","tag-eventi","tag-fuerteventura-it"],"jetpack_featured_media_url":"https:\/\/informacionlocal.es\/wp-content\/uploads\/2025\/04\/1j5a1799-1024x683-1.jpg","_links":{"self":[{"href":"https:\/\/informacionlocal.es\/it\/wp-json\/wp\/v2\/posts\/1163","targetHints":{"allow":["GET"]}}],"collection":[{"href":"https:\/\/informacionlocal.es\/it\/wp-json\/wp\/v2\/posts"}],"about":[{"href":"https:\/\/informacionlocal.es\/it\/wp-json\/wp\/v2\/types\/post"}],"author":[{"embeddable":true,"href":"https:\/\/informacionlocal.es\/it\/wp-json\/wp\/v2\/users\/1"}],"replies":[{"embeddable":true,"href":"https:\/\/informacionlocal.es\/it\/wp-json\/wp\/v2\/comments?post=1163"}],"version-history":[{"count":1,"href":"https:\/\/informacionlocal.es\/it\/wp-json\/wp\/v2\/posts\/1163\/revisions"}],"predecessor-version":[{"id":1768,"href":"https:\/\/informacionlocal.es\/it\/wp-json\/wp\/v2\/posts\/1163\/revisions\/1768"}],"wp:featuredmedia":[{"embeddable":true,"href":"https:\/\/informacionlocal.es\/it\/wp-json\/wp\/v2\/media\/757"}],"wp:attachment":[{"href":"https:\/\/informacionlocal.es\/it\/wp-json\/wp\/v2\/media?parent=1163"}],"wp:term":[{"taxonomy":"category","embeddable":true,"href":"https:\/\/informacionlocal.es\/it\/wp-json\/wp\/v2\/categories?post=1163"},{"taxonomy":"post_tag","embeddable":true,"href":"https:\/\/informacionlocal.es\/it\/wp-json\/wp\/v2\/tags?post=1163"}],"curies":[{"name":"wp","href":"https:\/\/api.w.org\/{rel}","templated":true}]}}