{"id":1162,"date":"2025-04-10T23:52:41","date_gmt":"2025-04-10T23:52:41","guid":{"rendered":"https:\/\/informacionlocal.es\/puerto-del-rosario-completa-la-pavimentazione-e-il-rinnovo-dei-servizi-a-tetir\/"},"modified":"2025-04-14T10:19:45","modified_gmt":"2025-04-14T10:19:45","slug":"puerto-del-rosario-completa-la-pavimentazione-e-il-rinnovo-dei-servizi-a-tetir","status":"publish","type":"post","link":"https:\/\/informacionlocal.es\/it\/puerto-del-rosario-completa-la-pavimentazione-e-il-rinnovo-dei-servizi-a-tetir\/","title":{"rendered":"Puerto del Rosario completa la pavimentazione e il rinnovo dei servizi a Tetir"},"content":{"rendered":"<div class=\"entry-content\">\n<p>Il Comune di Puerto del Rosario ha completato con successo i <strong>lavori di pavimentazione e miglioramento dei servizi di base<\/strong> nelle strade del villaggio di Tetir, riaffermando cos\u00ec il suo impegno per il benessere e la sicurezza dei suoi vicini.<\/p>\n<p>Il lavoro svolto ha portato a un significativo miglioramento dell&#8217;<strong>usura delle strade<\/strong>, incorporando anche <strong>limitatori di velocit\u00e0 in punti strategici<\/strong>, che consentiranno un transito pi\u00f9 fluido e sicuro sia per i veicoli che per i pedoni. Allo stesso modo, il <strong>sistema di approvvigionamento idrico \u00e8 stato rinnovato e ottimizzato<\/strong>, in collaborazione con il <strong>Consorzio per l&#8217;approvvigionamento idrico di Fuerteventura<\/strong> e il <strong>Dipartimento dei Servizi e dello Sviluppo Locale<\/strong>, incorporando anche <strong>elementi di abbellimento<\/strong> che rafforzano l&#8217;identit\u00e0 dell&#8217;ambiente. <\/p>\n<p>Il sindaco di Puerto del Rosario, <strong>David de Vera<\/strong>, ha voluto sottolineare che <em>&#8220;questa azione \u00e8 un esempio di come il Comune lavora per migliorare la vita quotidiana dei nostri vicini. Il Tetir \u00e8 un nucleo fondamentale del nostro Comune, e questi miglioramenti non solo ne aumentano la sicurezza e l&#8217;accessibilit\u00e0, ma rafforzano anche le radici e la qualit\u00e0 della vita della sua comunit\u00e0&#8221;.<\/em><\/p>\n<p><em> <\/em>Da parte sua, l&#8217;assessore all&#8217;Urbanistica, <strong>Ana Hern\u00e1ndez<\/strong>, ha sottolineato che <em>&#8220;abbiamo affrontato questo lavoro con una visione globale, non solo rinnovando le infrastrutture, ma anche prendendoci cura dell&#8217;ambiente e promuovendo una convivenza pi\u00f9 confortevole e sicura. Il coinvolgimento dei residenti \u00e8 stato fondamentale per portarla a termine con successo&#8221;.<\/em><\/p>\n<p>Il Comune \u00e8 profondamente grato per la <strong>collaborazione dei residenti durante lo sviluppo dei lavori<\/strong> e celebra il risultato come un <strong>progresso tangibile verso una Tetir pi\u00f9 vivibile, collegata e attraente<\/strong>, sia per gli attuali abitanti che per i futuri residenti e visitatori.<\/p>\n<\/div>\n","protected":false},"excerpt":{"rendered":"<p>Il Comune di Puerto del Rosario ha completato con successo i lavori di pavimentazione e miglioramento dei servizi di base nelle strade del villaggio di Tetir, riaffermando cos\u00ec il suo [&hellip;]<\/p>\n","protected":false},"author":1,"featured_media":748,"comment_status":"open","ping_status":"open","sticky":false,"template":"","format":"standard","meta":{"inline_featured_image":false,"jnews-multi-image_gallery":[],"jnews_single_post":[],"jnews_primary_category":[],"jnews_social_meta":[],"jnews_override_counter":[],"jnews_post_split":[],"footnotes":""},"categories":[295],"tags":[202,223,259,203,264],"class_list":["post-1162","post","type-post","status-publish","format-standard","has-post-thumbnail","hentry","category-puerto-del-rosario-it","tag-comuni","tag-fuerteventura-it","tag-infrastrutture","tag-servizi-pubblici","tag-sicurezza"],"jetpack_featured_media_url":"https:\/\/informacionlocal.es\/wp-content\/uploads\/2025\/04\/tetir-titu-obras-0425.jpg","_links":{"self":[{"href":"https:\/\/informacionlocal.es\/it\/wp-json\/wp\/v2\/posts\/1162","targetHints":{"allow":["GET"]}}],"collection":[{"href":"https:\/\/informacionlocal.es\/it\/wp-json\/wp\/v2\/posts"}],"about":[{"href":"https:\/\/informacionlocal.es\/it\/wp-json\/wp\/v2\/types\/post"}],"author":[{"embeddable":true,"href":"https:\/\/informacionlocal.es\/it\/wp-json\/wp\/v2\/users\/1"}],"replies":[{"embeddable":true,"href":"https:\/\/informacionlocal.es\/it\/wp-json\/wp\/v2\/comments?post=1162"}],"version-history":[{"count":1,"href":"https:\/\/informacionlocal.es\/it\/wp-json\/wp\/v2\/posts\/1162\/revisions"}],"predecessor-version":[{"id":1844,"href":"https:\/\/informacionlocal.es\/it\/wp-json\/wp\/v2\/posts\/1162\/revisions\/1844"}],"wp:featuredmedia":[{"embeddable":true,"href":"https:\/\/informacionlocal.es\/it\/wp-json\/wp\/v2\/media\/748"}],"wp:attachment":[{"href":"https:\/\/informacionlocal.es\/it\/wp-json\/wp\/v2\/media?parent=1162"}],"wp:term":[{"taxonomy":"category","embeddable":true,"href":"https:\/\/informacionlocal.es\/it\/wp-json\/wp\/v2\/categories?post=1162"},{"taxonomy":"post_tag","embeddable":true,"href":"https:\/\/informacionlocal.es\/it\/wp-json\/wp\/v2\/tags?post=1162"}],"curies":[{"name":"wp","href":"https:\/\/api.w.org\/{rel}","templated":true}]}}