{"id":11607,"date":"2025-09-30T14:58:47","date_gmt":"2025-09-30T13:58:47","guid":{"rendered":"https:\/\/informacionlocal.es\/puerto-del-rosario-registra-un-incremento-historico-en-el-uso-de-la-guagua-urbana\/"},"modified":"2025-09-30T14:58:47","modified_gmt":"2025-09-30T13:58:47","slug":"puerto-del-rosario-registra-un-incremento-historico-en-el-uso-de-la-guagua-urbana","status":"publish","type":"post","link":"https:\/\/informacionlocal.es\/it\/puerto-del-rosario-registra-un-incremento-historico-en-el-uso-de-la-guagua-urbana\/","title":{"rendered":"Puerto del Rosario registra un incremento hist\u00f3rico en el uso de la guagua urbana"},"content":{"rendered":"<div class=\"entry-content\">\n<ul>\n<li><strong>El servicio municipal experimenta un crecimiento del 400 %, de 4.000 a 20.000 usuarios, consolid\u00e1ndose como una alternativa real al veh\u00edculo privado<\/strong><strong>\u00a0<\/strong><\/li>\n<\/ul>\n<p><strong>En Puerto del Rosario, a 30 de septiembre de 2025.-<\/strong> El Ayuntamiento de Puerto del Rosario celebra el notable crecimiento experimentado en el uso del servicio de guaguas urbanas, que en el \u00faltimo a\u00f1o ha pasado de registrar 4.000 a alcanzar los 20.000 usuarios, lo que representa un incremento del 400 %. Este salto cualitativo se debe, en gran medida, a la puesta en funcionamiento de las l\u00edneas 2 y 3, que han ampliado la cobertura del transporte p\u00fablico municipal y mejorado la accesibilidad de los barrios con el centro de la capital.<\/p>\n<p>El alcalde de Puerto del Rosario, David de Vera, subray\u00f3 que \u201cel \u00e9xito de este servicio refleja la creciente confianza de la ciudadan\u00eda en la guagua urbana y pone de manifiesto que una red de transporte p\u00fablico eficiente y cercana es clave para construir un municipio m\u00e1s cohesionado. Nuestro compromiso con la movilidad sostenible es firme, y seguiremos destinando recursos a su fortalecimiento\u201d.<\/p>\n<p>Por su parte, el concejal de Transportes, Luis Chac\u00f3n, destac\u00f3 que \u201calcanzar los 20.000 usuarios en tan solo un a\u00f1o es un hito que nos impulsa a continuar incentivando el uso de la guagua urbana como una alternativa c\u00f3moda, econ\u00f3mica y respetuosa con el medio ambiente frente al veh\u00edculo privado. El transporte p\u00fablico no solo mejora la calidad de vida, sino que contribuye a una ciudad m\u00e1s accesible y sostenible\u201d.<\/p>\n<p>El Ayuntamiento recuerda que la utilizaci\u00f3n del transporte urbano constituye una herramienta fundamental para reducir el tr\u00e1fico, disminuir la huella de carbono y avanzar hacia un modelo de movilidad m\u00e1s responsable. En este sentido, se invita a todos los vecinos y vecinas de Puerto del Rosario a seguir apostando por la guagua urbana, un servicio que contin\u00faa adapt\u00e1ndose a las necesidades de la ciudadan\u00eda y que se consolida como pilar esencial de la estrategia municipal de movilidad sostenible.<\/p>\n<\/div>\n","protected":false},"excerpt":{"rendered":"<p>El servicio municipal experimenta un crecimiento del 400 %, de 4.000 a 20.000 usuarios, consolid\u00e1ndose como una alternativa real al veh\u00edculo privado\u00a0 En Puerto del Rosario, a 30 de septiembre [&hellip;]<\/p>\n","protected":false},"author":1,"featured_media":11609,"comment_status":"open","ping_status":"open","sticky":false,"template":"","format":"standard","meta":{"inline_featured_image":false,"jnews-multi-image_gallery":[],"jnews_single_post":[],"jnews_primary_category":[],"jnews_social_meta":[],"jnews_override_counter":[],"jnews_post_split":[],"footnotes":""},"categories":[61],"tags":[76,75],"class_list":["post-11607","post","type-post","status-publish","format-standard","has-post-thumbnail","hentry","category-puerto-del-rosario","tag-medio-ambiente","tag-transportes"],"jetpack_featured_media_url":"https:\/\/informacionlocal.es\/wp-content\/uploads\/2025\/09\/incremento-uso-guagua.png","_links":{"self":[{"href":"https:\/\/informacionlocal.es\/it\/wp-json\/wp\/v2\/posts\/11607","targetHints":{"allow":["GET"]}}],"collection":[{"href":"https:\/\/informacionlocal.es\/it\/wp-json\/wp\/v2\/posts"}],"about":[{"href":"https:\/\/informacionlocal.es\/it\/wp-json\/wp\/v2\/types\/post"}],"author":[{"embeddable":true,"href":"https:\/\/informacionlocal.es\/it\/wp-json\/wp\/v2\/users\/1"}],"replies":[{"embeddable":true,"href":"https:\/\/informacionlocal.es\/it\/wp-json\/wp\/v2\/comments?post=11607"}],"version-history":[{"count":0,"href":"https:\/\/informacionlocal.es\/it\/wp-json\/wp\/v2\/posts\/11607\/revisions"}],"wp:featuredmedia":[{"embeddable":true,"href":"https:\/\/informacionlocal.es\/it\/wp-json\/wp\/v2\/media\/11609"}],"wp:attachment":[{"href":"https:\/\/informacionlocal.es\/it\/wp-json\/wp\/v2\/media?parent=11607"}],"wp:term":[{"taxonomy":"category","embeddable":true,"href":"https:\/\/informacionlocal.es\/it\/wp-json\/wp\/v2\/categories?post=11607"},{"taxonomy":"post_tag","embeddable":true,"href":"https:\/\/informacionlocal.es\/it\/wp-json\/wp\/v2\/tags?post=11607"}],"curies":[{"name":"wp","href":"https:\/\/api.w.org\/{rel}","templated":true}]}}