{"id":11589,"date":"2025-09-29T19:58:28","date_gmt":"2025-09-29T18:58:28","guid":{"rendered":"https:\/\/informacionlocal.es\/comienza-la-instalacion-de-la-barandilla-del-paseo-maritimo-de-tarajalejo\/"},"modified":"2025-09-29T19:58:28","modified_gmt":"2025-09-29T18:58:28","slug":"comienza-la-instalacion-de-la-barandilla-del-paseo-maritimo-de-tarajalejo","status":"publish","type":"post","link":"https:\/\/informacionlocal.es\/it\/comienza-la-instalacion-de-la-barandilla-del-paseo-maritimo-de-tarajalejo\/","title":{"rendered":"Comienza la instalaci\u00f3n de la barandilla del paseo mar\u00edtimo de Tarajalejo"},"content":{"rendered":"<div class=\"entry-content\"><strong>29 septiembre, 2025<\/strong><\/p>\n<p><strong><em>El Cabildo, a trav\u00e9s del programa \u2018Fuerteventura, bonita por naturaleza\u2019 y en coordinaci\u00f3n con el Ayuntamiento de Tuineje, inicia su instalaci\u00f3n en 70 metros de avenida donde el desnivel respecto a la playa aconseja medidas preventivas frente a ca\u00eddas<\/em><\/strong><\/p>\n<p><strong><em>Paralelamente,\u00a0se\u00a0prepara\u00a0el\u00a0estudio\u00a0geot\u00e9cnico\u00a0necesario\u00a0para\u00a0demoler\u00a0y\u00a0retirar\u00a0los escombros de la escalera rota por el mar y reponerla en condiciones \u00f3ptimas<\/em><\/strong><\/p>\n<p>El Cabildo de Fuerteventura, desde el Servicio de Obras y Maquinaria, a trav\u00e9s del programa \u2018Fuerteventura, bonita por naturaleza\u2019 ha iniciado hoy la instalaci\u00f3n de una barandilla en el paseo mar\u00edtimo de Tarajalejo. Se trata de una acci\u00f3n combinada con el Ayuntamiento de Tuineje. Adem\u00e1s, el proceso para construir una nueva escalera de acceso a la playa, previa retirada\u00a0de los escombros de la antigua, ha comenzado con la contrataci\u00f3n del estudio geot\u00e9cnico exigido por ley.<\/p>\n<p>Para la presidenta insular, Lola Garc\u00eda, es importante mantener la coordinaci\u00f3n con los ayuntamientos para llevar actuaciones de mejora en infraestructuras y entornos de todo el territorio insular.<\/p>\n<p>El consejero de Obras y Maquinaria, Blas Acosta, explica la relevancia de esta intervenci\u00f3n\u00a0en el d\u00eda a d\u00eda de los vecinos y vecinas de Tarajalejo y para los establecimientos tur\u00edsticos y comercios del pueblo, cuyos clientes podr\u00e1n disfrutar del paseo mar\u00edtimo con mayor seguridad.\u00a0\u201cEsta\u00a0barandilla\u00a0es\u00a0otro\u00a0ejemplo de\u00a0la\u00a0utilidad\u00a0social\u00a0de\u00a0\u2018Fuerteventura,\u00a0bonita\u00a0por naturaleza\u2019, un programa que acomete acciones menores pero con gran repercusi\u00f3n en la calidad de vida del lugar\u201d.<\/p>\n<p>La empresa concesionaria ha iniciado hoy los trabajos para la instalaci\u00f3n de 70 metros lineales de barandilla. El tramo elegido coincide con la zona donde el desnivel de la avenida respecto\u00a0a\u00a0la\u00a0playa\u00a0es\u00a0de\u00a0al\u00a0menos\u00a0dos\u00a0metros\u00a0y\u00a0por\u00a0ello aconseja\u00a0tomar\u00a0medidas\u00a0preventivas frente a ca\u00eddas fortuitas. Por tanto, la barandilla pretende garantizar la seguridad y funcionalidad del camino peatonal, a lo que se a\u00f1aden criterios para integrar est\u00e9ticamente la barandilla en el entorno mar\u00edtimo, respetando la armon\u00eda visual del paseo.<\/p>\n<p>El material elegido para la barandilla, atendiendo a su ubicaci\u00f3n junto al mar, garantiza su durabilidad y resistencia. Estar\u00e1 formada por tubos de acero inoxidable, con un di\u00e1metro de<\/p>\n<p>58 mil\u00edmetros, y de cuadrillos verticales del mismo material, de 40 mil\u00edmetros de ancho. La altura total de la barandilla ser\u00e1 de un metro desde el nivel del camino peatonal hasta la parte superior, cumpliendo con las normativas de seguridad y facilitando una visi\u00f3n limpia del horizonte marino.<\/p>\n<p>Adem\u00e1s, el Servicio de Obras y Maquinaria ha encargado a \u2018Fuerteventura, bonita por naturaleza\u2019 la reposici\u00f3n de una de las escaleras de acceso a la playa, actualmente destruida por el oleaje. Para ello, se ha procedido a encargar un estudio geot\u00e9cnico, exigido por ley, para seguidamente retirar los escombros y construir la nueva escalera de acceso a la playa\u00a0de Tarajalejo.<\/p>\n<p>El encargo \u2018Fuerteventura, bonita por naturaleza\u2019 realizado por el departamento que dirige Blas Acosta a Gesplan contempla actuaciones a largo de 15 meses, entre 2024 y 2025. Durante ambos ejercicios se invertir\u00e1n cuatro millones de euros de financiaci\u00f3n propia en cerca de\u00a0un\u00a0centenar\u00a0de\u00a0\u201cacciones de cercan\u00eda\u201d\u00a0que inciden directamente\u00a0en la\u00a0conservaci\u00f3n del entorno natural, en la buena percepci\u00f3n de los visitantes y en la calidad de vida de los\u00a0residentes.<\/p>\n<\/div>\n","protected":false},"excerpt":{"rendered":"<p>29 septiembre, 2025 El Cabildo, a trav\u00e9s del programa \u2018Fuerteventura, bonita por naturaleza\u2019 y en coordinaci\u00f3n con el Ayuntamiento de Tuineje, inicia su instalaci\u00f3n en 70 metros de avenida donde [&hellip;]<\/p>\n","protected":false},"author":1,"featured_media":11591,"comment_status":"open","ping_status":"open","sticky":false,"template":"","format":"standard","meta":{"inline_featured_image":false,"jnews-multi-image_gallery":[],"jnews_single_post":[],"jnews_primary_category":[],"jnews_social_meta":[],"jnews_override_counter":[],"jnews_post_split":[],"footnotes":""},"categories":[58],"tags":[82,81],"class_list":["post-11589","post","type-post","status-publish","format-standard","has-post-thumbnail","hentry","category-cabildo","tag-fuerteventura","tag-normativas"],"jetpack_featured_media_url":"https:\/\/informacionlocal.es\/wp-content\/uploads\/2025\/09\/carreteras-tuineje2.jpeg","_links":{"self":[{"href":"https:\/\/informacionlocal.es\/it\/wp-json\/wp\/v2\/posts\/11589","targetHints":{"allow":["GET"]}}],"collection":[{"href":"https:\/\/informacionlocal.es\/it\/wp-json\/wp\/v2\/posts"}],"about":[{"href":"https:\/\/informacionlocal.es\/it\/wp-json\/wp\/v2\/types\/post"}],"author":[{"embeddable":true,"href":"https:\/\/informacionlocal.es\/it\/wp-json\/wp\/v2\/users\/1"}],"replies":[{"embeddable":true,"href":"https:\/\/informacionlocal.es\/it\/wp-json\/wp\/v2\/comments?post=11589"}],"version-history":[{"count":0,"href":"https:\/\/informacionlocal.es\/it\/wp-json\/wp\/v2\/posts\/11589\/revisions"}],"wp:featuredmedia":[{"embeddable":true,"href":"https:\/\/informacionlocal.es\/it\/wp-json\/wp\/v2\/media\/11591"}],"wp:attachment":[{"href":"https:\/\/informacionlocal.es\/it\/wp-json\/wp\/v2\/media?parent=11589"}],"wp:term":[{"taxonomy":"category","embeddable":true,"href":"https:\/\/informacionlocal.es\/it\/wp-json\/wp\/v2\/categories?post=11589"},{"taxonomy":"post_tag","embeddable":true,"href":"https:\/\/informacionlocal.es\/it\/wp-json\/wp\/v2\/tags?post=11589"}],"curies":[{"name":"wp","href":"https:\/\/api.w.org\/{rel}","templated":true}]}}