{"id":11553,"date":"2025-09-29T12:58:41","date_gmt":"2025-09-29T11:58:41","guid":{"rendered":"https:\/\/informacionlocal.es\/emocion-en-la-final-del-campeonato-insular-neuromajo-2025-con-casi-300-participantes\/"},"modified":"2025-09-29T12:58:41","modified_gmt":"2025-09-29T11:58:41","slug":"emocion-en-la-final-del-campeonato-insular-neuromajo-2025-con-casi-300-participantes","status":"publish","type":"post","link":"https:\/\/informacionlocal.es\/it\/emocion-en-la-final-del-campeonato-insular-neuromajo-2025-con-casi-300-participantes\/","title":{"rendered":"Emoci\u00f3n en la final del Campeonato Insular Neuromajo 2025 con casi 300 participantes"},"content":{"rendered":"<div class=\"entry-content\"><strong>28 septiembre, 2025<\/strong><\/p>\n<p>Tras el pasacalle inaugural en Corralejo el pasado viernes, la Granja Experimental de Pozo Negro acogi\u00f3 este fin de semana la competici\u00f3n del Campeonato Insular Neuromajo 2025, en un intenso fin de semana en el que participaron cerca de 300 personas mayores procedentes de toda la isla.<\/p>\n<p>Durante el s\u00e1bado y el domingo, los equipos compitieron en cuatro pruebas de destreza f\u00edsica y mental como Relevos, Aro Canario, Cifras y Letras y la Carrera de Letras, con un ambiente de compa\u00f1erismo y participaci\u00f3n activa.<\/p>\n<p>Los cuatro equipos que se clasificaron para competir en la final regional, que tendr\u00e1 lugar el municipio de San Bartolom\u00e9 de Tirajana (Gran Canaria) el pr\u00f3ximo mes de diciembre, fueron: Camellito (Tuineje) en cuarta posici\u00f3n, Las Elegidas (Antigua) en tercera, Las Apa\u00f1\u00e1s (Puerto del Rosario) en segunda posici\u00f3n y Amigos de P\u00e1jara como campeones con el primer puesto en la clasificaci\u00f3n.<\/p>\n<p>Las medallas fueron entregadas por la presidenta del Cabildo de Fuerteventura, Lola Garc\u00eda, el consejero de Acci\u00f3n Social, V\u00edctor Alonso, los acaldes Alejandro Jorge (P\u00e1jara), Enrique Cerde\u00f1a (Betancuria), Mat\u00edas Pe\u00f1a (Antigua) y Candelaria Umpi\u00e9rrez (Tuineje), as\u00ed como los concejales Am\u00e9rica Soto (Antigua), Jenifer P\u00e9rez (Puerto del Rosario), Joana P\u00e9rez (La Oliva), \u00c1ngeles Acosta (P\u00e1jara), Jos\u00e9 Cerde\u00f1a (Betancuria), Noelia Garc\u00eda y Pedro Rodr\u00edguez (Tuineje). Estuvieron presentes otros representantes insulares y municipales.<\/p>\n<p>Neuromajo 2025 es un proyecto del Cabildo de Fuerteventura, en colaboraci\u00f3n con los seis ayuntamientos de la Isla y Asociaci\u00f3n Neurol\u00edmpica, consolid\u00e1ndose como iniciativa para el envejecimiento activo y saludable de los y las participantes. En esta edici\u00f3n, se ha contado adem\u00e1s con el apoyo de Padilla Supermercados Spar.<\/p>\n<p>Desde la Corporaci\u00f3n insular se agradece la participaci\u00f3n de todas las entidades implicadas, participantes y monitores, prepar\u00e1ndose ya una tercera edici\u00f3n, con nuevos retos y pruebas para los y las participantes, cuya presentaci\u00f3n se har\u00e1 en Caleta de Fuste (Antigua) y la competici\u00f3n en el municipio de Tuineje.<\/p>\n<\/div>\n","protected":false},"excerpt":{"rendered":"<p>28 septiembre, 2025 Tras el pasacalle inaugural en Corralejo el pasado viernes, la Granja Experimental de Pozo Negro acogi\u00f3 este fin de semana la competici\u00f3n del Campeonato Insular Neuromajo 2025, [&hellip;]<\/p>\n","protected":false},"author":1,"featured_media":11555,"comment_status":"open","ping_status":"open","sticky":false,"template":"","format":"standard","meta":{"inline_featured_image":false,"jnews-multi-image_gallery":[],"jnews_single_post":[],"jnews_primary_category":[],"jnews_social_meta":[],"jnews_override_counter":[],"jnews_post_split":[],"footnotes":""},"categories":[58],"tags":[82],"class_list":["post-11553","post","type-post","status-publish","format-standard","has-post-thumbnail","hentry","category-cabildo","tag-fuerteventura"],"jetpack_featured_media_url":"https:\/\/informacionlocal.es\/wp-content\/uploads\/2025\/09\/1759131159-75ead17151ffb82b05398a6f4b642772.jpg","_links":{"self":[{"href":"https:\/\/informacionlocal.es\/it\/wp-json\/wp\/v2\/posts\/11553","targetHints":{"allow":["GET"]}}],"collection":[{"href":"https:\/\/informacionlocal.es\/it\/wp-json\/wp\/v2\/posts"}],"about":[{"href":"https:\/\/informacionlocal.es\/it\/wp-json\/wp\/v2\/types\/post"}],"author":[{"embeddable":true,"href":"https:\/\/informacionlocal.es\/it\/wp-json\/wp\/v2\/users\/1"}],"replies":[{"embeddable":true,"href":"https:\/\/informacionlocal.es\/it\/wp-json\/wp\/v2\/comments?post=11553"}],"version-history":[{"count":0,"href":"https:\/\/informacionlocal.es\/it\/wp-json\/wp\/v2\/posts\/11553\/revisions"}],"wp:featuredmedia":[{"embeddable":true,"href":"https:\/\/informacionlocal.es\/it\/wp-json\/wp\/v2\/media\/11555"}],"wp:attachment":[{"href":"https:\/\/informacionlocal.es\/it\/wp-json\/wp\/v2\/media?parent=11553"}],"wp:term":[{"taxonomy":"category","embeddable":true,"href":"https:\/\/informacionlocal.es\/it\/wp-json\/wp\/v2\/categories?post=11553"},{"taxonomy":"post_tag","embeddable":true,"href":"https:\/\/informacionlocal.es\/it\/wp-json\/wp\/v2\/tags?post=11553"}],"curies":[{"name":"wp","href":"https:\/\/api.w.org\/{rel}","templated":true}]}}