{"id":11547,"date":"2025-09-29T11:58:28","date_gmt":"2025-09-29T10:58:28","guid":{"rendered":"https:\/\/informacionlocal.es\/la-escuela-insular-de-musica-de-fuerteventura-inicia-el-curso-2025-2026\/"},"modified":"2025-09-29T11:58:28","modified_gmt":"2025-09-29T10:58:28","slug":"la-escuela-insular-de-musica-de-fuerteventura-inicia-el-curso-2025-2026","status":"publish","type":"post","link":"https:\/\/informacionlocal.es\/it\/la-escuela-insular-de-musica-de-fuerteventura-inicia-el-curso-2025-2026\/","title":{"rendered":"La Escuela Insular de M\u00fasica de Fuerteventura inicia el curso 2025\/2026"},"content":{"rendered":"<div class=\"entry-content\"><strong>29 septiembre, 2025<\/strong><\/p>\n<p><strong><em>El centro apuesta por la innovaci\u00f3n educativa con la plataforma<br \/>\nINIKA y abre un \u00faltimo plazo de matr\u00edcula extraordinaria el 1 de octubre<\/em><\/strong><\/p>\n<p>La Escuela Insular de M\u00fasica de Fuerteventura (EIMF) inicia el<br \/>\ncurso 2025\/2026 con una cifra cercana a 1.000 personas matriculadas,<br \/>\nconsolid\u00e1ndose como un referente en la ense\u00f1anza musical en la Isla. El<br \/>\ncreciente inter\u00e9s por la educaci\u00f3n art\u00edstica evidencia la importancia que la<br \/>\ncultura y la m\u00fasica tienen en la vida de la comunidad.<\/p>\n<p>Este a\u00f1o, la EIMF introduce INIKA, una plataforma de gesti\u00f3n<br \/>\neducativa que moderniza facilita la administraci\u00f3n del centro y facilita la<br \/>\ninteracci\u00f3n entre alumnado, familias y personal docente. Este sistema permitir\u00e1<br \/>\nagilizar tr\u00e1mites, minimizar errores y ofrecer un servicio m\u00e1s \u00e1gil y<br \/>\ntransparente.<\/p>\n<p>La \u00faltima matr\u00edcula extraordinaria para el curso 2025\/2026 se<br \/>\nabrir\u00e1 el pr\u00f3ximo 1 de octubre. Las personas interesadas en las plazas<br \/>\ndisponibles pueden consultar los detalles y procedimientos en la p\u00e1gina web<br \/>\noficial de la EIMF: escuelademusica.cabildofuer.es.<\/p>\n<p>Con estas medidas, seg\u00fan explica el consejero de Educaci\u00f3n,<br \/>\nAdargoma Hern\u00e1ndez, la Escuela Insular de M\u00fasica de Fuerteventura contin\u00faa<br \/>\nconsolidando su compromiso con la excelencia educativa, la innovaci\u00f3n<br \/>\ntecnol\u00f3gica y la promoci\u00f3n de la m\u00fasica en la isla.<\/p>\n<\/div>\n","protected":false},"excerpt":{"rendered":"<p>29 septiembre, 2025 El centro apuesta por la innovaci\u00f3n educativa con la plataforma INIKA y abre un \u00faltimo plazo de matr\u00edcula extraordinaria el 1 de octubre La Escuela Insular de [&hellip;]<\/p>\n","protected":false},"author":1,"featured_media":11549,"comment_status":"open","ping_status":"open","sticky":false,"template":"","format":"standard","meta":{"inline_featured_image":false,"jnews-multi-image_gallery":[],"jnews_single_post":[],"jnews_primary_category":[],"jnews_social_meta":[],"jnews_override_counter":[],"jnews_post_split":[],"footnotes":""},"categories":[58],"tags":[73,82],"class_list":["post-11547","post","type-post","status-publish","format-standard","has-post-thumbnail","hentry","category-cabildo","tag-educacion","tag-fuerteventura"],"jetpack_featured_media_url":"https:\/\/informacionlocal.es\/wp-content\/uploads\/2025\/09\/1759135852-df9d654f5adb2c85e7788558a122d17a.jpg","_links":{"self":[{"href":"https:\/\/informacionlocal.es\/it\/wp-json\/wp\/v2\/posts\/11547","targetHints":{"allow":["GET"]}}],"collection":[{"href":"https:\/\/informacionlocal.es\/it\/wp-json\/wp\/v2\/posts"}],"about":[{"href":"https:\/\/informacionlocal.es\/it\/wp-json\/wp\/v2\/types\/post"}],"author":[{"embeddable":true,"href":"https:\/\/informacionlocal.es\/it\/wp-json\/wp\/v2\/users\/1"}],"replies":[{"embeddable":true,"href":"https:\/\/informacionlocal.es\/it\/wp-json\/wp\/v2\/comments?post=11547"}],"version-history":[{"count":0,"href":"https:\/\/informacionlocal.es\/it\/wp-json\/wp\/v2\/posts\/11547\/revisions"}],"wp:featuredmedia":[{"embeddable":true,"href":"https:\/\/informacionlocal.es\/it\/wp-json\/wp\/v2\/media\/11549"}],"wp:attachment":[{"href":"https:\/\/informacionlocal.es\/it\/wp-json\/wp\/v2\/media?parent=11547"}],"wp:term":[{"taxonomy":"category","embeddable":true,"href":"https:\/\/informacionlocal.es\/it\/wp-json\/wp\/v2\/categories?post=11547"},{"taxonomy":"post_tag","embeddable":true,"href":"https:\/\/informacionlocal.es\/it\/wp-json\/wp\/v2\/tags?post=11547"}],"curies":[{"name":"wp","href":"https:\/\/api.w.org\/{rel}","templated":true}]}}