{"id":11519,"date":"2025-09-27T23:58:23","date_gmt":"2025-09-27T22:58:23","guid":{"rendered":"https:\/\/informacionlocal.es\/un-crucero-no-previsto-es-atendido-en-puerto-del-rosario-coincidiendo-con-las-fiestas-patronales\/"},"modified":"2025-09-27T23:58:23","modified_gmt":"2025-09-27T22:58:23","slug":"un-crucero-no-previsto-es-atendido-en-puerto-del-rosario-coincidiendo-con-las-fiestas-patronales","status":"publish","type":"post","link":"https:\/\/informacionlocal.es\/it\/un-crucero-no-previsto-es-atendido-en-puerto-del-rosario-coincidiendo-con-las-fiestas-patronales\/","title":{"rendered":"Un crucero no previsto es atendido en Puerto del Rosario coincidiendo con las fiestas patronales"},"content":{"rendered":"<div class=\"entry-content\">\n<div class=\"xdj266r x14z9mp xat24cr x1lziwak x1vvkbs x126k92a\">\n<div dir=\"auto\"><span class=\"html-span xexx8yu xyri2b x18d9i69 x1c1uobl x1hl2dhg x16tdsg8 x1vvkbs x3nfvp2 x1j61x8r x1fcty0u xdj266r xat24cr xm2jcoa x1mpyi22 xxymvpz xlup9mm x1kky2od\"><img loading=\"lazy\" decoding=\"async\" loading=\"lazy\" class=\"xz74otr x15mokao x1ga7v0g x16uus16 xbiv7yw\" src=\"https:\/\/informacionlocal.es\/wp-content\/uploads\/2025\/09\/1f31e.png\" alt=\"\ud83c\udf1e\" width=\"16\" height=\"16\" title=\"1f31e\"><\/span><span class=\"html-span xexx8yu xyri2b x18d9i69 x1c1uobl x1hl2dhg x16tdsg8 x1vvkbs x3nfvp2 x1j61x8r x1fcty0u xdj266r xat24cr xm2jcoa x1mpyi22 xxymvpz xlup9mm x1kky2od\"><img loading=\"lazy\" decoding=\"async\" loading=\"lazy\" class=\"xz74otr x15mokao x1ga7v0g x16uus16 xbiv7yw\" src=\"https:\/\/informacionlocal.es\/wp-content\/uploads\/2025\/09\/1f6a2.png\" alt=\"\ud83d\udea2\" width=\"16\" height=\"16\" title=\"1f6a2\"><\/span> En la ma\u00f1ana del s\u00e1bado, 27 de septiembre, llegaba a Puerto del Rosario el crucero Iona. Aunque la temporada de cruceros est\u00e1 prevista que empiece en octubre, esta embarcaci\u00f3n hizo escala en el muelle majorero. Es habitual que, por diversos motivos, algunos cruceros atraquen en muelles no previstos o incluso que algunos cruceros programados se desv\u00eden de la ruta original.<\/div>\n<\/div>\n<div class=\"x14z9mp xat24cr x1lziwak x1vvkbs xtlvy1s x126k92a\">\n<div dir=\"auto\"><span class=\"html-span xexx8yu xyri2b x18d9i69 x1c1uobl x1hl2dhg x16tdsg8 x1vvkbs x3nfvp2 x1j61x8r x1fcty0u xdj266r xat24cr xm2jcoa x1mpyi22 xxymvpz xlup9mm x1kky2od\"><img loading=\"lazy\" decoding=\"async\" loading=\"lazy\" class=\"xz74otr x15mokao x1ga7v0g x16uus16 xbiv7yw\" src=\"https:\/\/informacionlocal.es\/wp-content\/uploads\/2025\/09\/1f4dc.png\" alt=\"\ud83d\udcdc\" width=\"16\" height=\"16\" title=\"1f4dc\"><\/span><span class=\"html-span xexx8yu xyri2b x18d9i69 x1c1uobl x1hl2dhg x16tdsg8 x1vvkbs x3nfvp2 x1j61x8r x1fcty0u xdj266r xat24cr xm2jcoa x1mpyi22 xxymvpz xlup9mm x1kky2od\"><img loading=\"lazy\" decoding=\"async\" loading=\"lazy\" class=\"xz74otr x15mokao x1ga7v0g x16uus16 xbiv7yw\" src=\"https:\/\/informacionlocal.es\/wp-content\/uploads\/2025\/09\/1f4c3.png\" alt=\"\ud83d\udcc3\" width=\"16\" height=\"16\" title=\"1f4c3\"><\/span> Personal del ayuntamiento atend\u00eda a los cruceristas en la Oficina de Informaci\u00f3n Tur\u00edstica (OIT) ofreci\u00e9ndoles, de manera gratuita, callejeros del municipio, mapas de la isla e informaci\u00f3n complementaria.<\/div>\n<\/div>\n<div class=\"x14z9mp xat24cr x1lziwak x1vvkbs xtlvy1s x126k92a\">\n<div dir=\"auto\"><span class=\"html-span xexx8yu xyri2b x18d9i69 x1c1uobl x1hl2dhg x16tdsg8 x1vvkbs x3nfvp2 x1j61x8r x1fcty0u xdj266r xat24cr xm2jcoa x1mpyi22 xxymvpz xlup9mm x1kky2od\"><img loading=\"lazy\" decoding=\"async\" loading=\"lazy\" class=\"xz74otr x15mokao x1ga7v0g x16uus16 xbiv7yw\" src=\"https:\/\/informacionlocal.es\/wp-content\/uploads\/2025\/09\/1f6a2.png\" alt=\"\ud83d\udea2\" width=\"16\" height=\"16\" title=\"1f6a2\"><\/span> El MS Iona es un crucero de la clase Excellence. Construido en Alemania, fue entregado en octubre de 2020, convirti\u00e9ndose en el barco m\u00e1s nuevo de la l\u00ednea con un costo de 730 millones de libras esterlinas. Con 184.089 GT, el barco es el m\u00e1s grande que jam\u00e1s hab\u00eda operado para P&amp;O Cruises, y que opere espec\u00edficamente para el mercado brit\u00e1nico.<\/div>\n<div dir=\"auto\">Es el primero de dos barcos id\u00e9nticos construidos por Meyer Werft para P&amp;O Cruises.<\/div>\n<\/div>\n<\/div>\n","protected":false},"excerpt":{"rendered":"<p>En la ma\u00f1ana del s\u00e1bado, 27 de septiembre, llegaba a Puerto del Rosario el crucero Iona. Aunque la temporada de cruceros est\u00e1 prevista que empiece en octubre, esta embarcaci\u00f3n hizo [&hellip;]<\/p>\n","protected":false},"author":1,"featured_media":11521,"comment_status":"open","ping_status":"open","sticky":false,"template":"","format":"standard","meta":{"inline_featured_image":false,"jnews-multi-image_gallery":[],"jnews_single_post":[],"jnews_primary_category":[],"jnews_social_meta":[],"jnews_override_counter":[],"jnews_post_split":[],"footnotes":""},"categories":[61],"tags":[],"class_list":["post-11519","post","type-post","status-publish","format-standard","has-post-thumbnail","hentry","category-puerto-del-rosario"],"jetpack_featured_media_url":"https:\/\/informacionlocal.es\/wp-content\/uploads\/2025\/09\/iona-turistas-en-oit-1-270925.jpg","_links":{"self":[{"href":"https:\/\/informacionlocal.es\/it\/wp-json\/wp\/v2\/posts\/11519","targetHints":{"allow":["GET"]}}],"collection":[{"href":"https:\/\/informacionlocal.es\/it\/wp-json\/wp\/v2\/posts"}],"about":[{"href":"https:\/\/informacionlocal.es\/it\/wp-json\/wp\/v2\/types\/post"}],"author":[{"embeddable":true,"href":"https:\/\/informacionlocal.es\/it\/wp-json\/wp\/v2\/users\/1"}],"replies":[{"embeddable":true,"href":"https:\/\/informacionlocal.es\/it\/wp-json\/wp\/v2\/comments?post=11519"}],"version-history":[{"count":0,"href":"https:\/\/informacionlocal.es\/it\/wp-json\/wp\/v2\/posts\/11519\/revisions"}],"wp:featuredmedia":[{"embeddable":true,"href":"https:\/\/informacionlocal.es\/it\/wp-json\/wp\/v2\/media\/11521"}],"wp:attachment":[{"href":"https:\/\/informacionlocal.es\/it\/wp-json\/wp\/v2\/media?parent=11519"}],"wp:term":[{"taxonomy":"category","embeddable":true,"href":"https:\/\/informacionlocal.es\/it\/wp-json\/wp\/v2\/categories?post=11519"},{"taxonomy":"post_tag","embeddable":true,"href":"https:\/\/informacionlocal.es\/it\/wp-json\/wp\/v2\/tags?post=11519"}],"curies":[{"name":"wp","href":"https:\/\/api.w.org\/{rel}","templated":true}]}}