{"id":1144,"date":"2025-04-10T21:58:11","date_gmt":"2025-04-10T21:58:11","guid":{"rendered":"https:\/\/informacionlocal.es\/il-municipio-di-pajara-celebra-la-terza-edizione-della-fiera-del-bonito-e-del-pesce-azzurro-a-morro-jable\/"},"modified":"2025-04-14T10:18:08","modified_gmt":"2025-04-14T10:18:08","slug":"il-municipio-di-pajara-celebra-la-terza-edizione-della-fiera-del-bonito-e-del-pesce-azzurro-a-morro-jable","status":"publish","type":"post","link":"https:\/\/informacionlocal.es\/it\/il-municipio-di-pajara-celebra-la-terza-edizione-della-fiera-del-bonito-e-del-pesce-azzurro-a-morro-jable\/","title":{"rendered":"Il Municipio di P\u00e1jara celebra la terza edizione della Fiera del Bonito e del Pesce Azzurro a Morro Jable."},"content":{"rendered":"<div class=\"entry-content\">\n<p><b><i>Un fine settimana all&#8217;insegna del gusto locale, della cultura e della tradizione della pesca, con attivit\u00e0 per tutte le et\u00e0.<\/i><\/b><\/p>\n<p><span>Il Municipio di P\u00e1jara, attraverso il Dipartimento del Settore Primario, informa della celebrazione della terza edizione della Fiera del Bonito e del Pesce Azzurro, che si terr\u00e0 questo fine settimana, dal 28 al 30 marzo, nella localit\u00e0 di Morro Jable. Questo evento gastronomico mette in risalto la ricchezza e la tradizione ittica dell&#8217;isola, offrendo un&#8217;esperienza unica per gustare la gastronomia locale.   <\/span><\/p>\n<p><span>La fiera inizier\u00e0 venerd\u00ec 28 marzo alle 18:00 con una conferenza dell&#8217;esperto Jos\u00e9 Antonio Gonz\u00e1lez, dell&#8217;Universit\u00e0 di Las Palmas de Gran Canaria, che condivider\u00e0 le sue conoscenze sui benefici e le caratteristiche del pesce azzurro durante i tre giorni dell&#8217;evento. Dopo la conferenza, la parranda &#8220;El Campillo&#8221; si esibir\u00e0, dando un tocco musicale e tradizionale alla giornata inaugurale.   <\/span><\/p>\n<p><span>L&#8217;assessore al Settore primario, Jos\u00e9 Manuel D\u00edaz, sottolinea l&#8217;importanza di questo evento per l&#8217;economia locale e la cultura gastronomica dell&#8217;isola. &#8220;Questa fiera non \u00e8 solo un&#8217;ottima occasione per promuovere i nostri prodotti locali, ma anche per valorizzare il lavoro dei nostri pescatori&#8221;. Inoltre, il consigliere sottolinea che &#8220;questo evento \u00e8 un esempio dell&#8217;impegno del Comune di P\u00e1jara nei confronti del settore primario e dello sviluppo sostenibile dell&#8217;isola&#8221;.    <\/span><\/p>\n<p><span>Da parte sua, il sindaco di P\u00e1jara, Alejandro Jorge, sottolinea l&#8217;importanza di organizzare questo evento come esempio del legame tra il nostro settore primario, la gastronomia e il turismo. &#8220;\u00c8 un luogo ideale per organizzare fiere con queste caratteristiche, cos\u00ec come quella che abbiamo tenuto di recente nella citt\u00e0 di P\u00e1jara, legata al formaggio&#8221;, sottolinea.   <\/span><\/p>\n<p><span>Sabato 29 e domenica 30 marzo si svolgeranno numerose attivit\u00e0 per tutte le et\u00e0, tra cui laboratori per bambini, dimostrazioni di spiumaggio del tonno rosso e del tonno bonito, show cooking con chef locali, un concorso per la migliore tapa della fiera e laboratori di pesca al tonno. La domenica culminer\u00e0 in una cerimonia di chiusura con l&#8217;esibizione della parranda &#8220;Son de Anta\u00f1o&#8221;.   <\/span><\/p>\n<p><img loading=\"lazy\" decoding=\"async\" loading=\"lazy\" class=\"alignnone size-medium wp-image-19973\" src=\"https:\/\/informacionlocal.es\/wp-content\/uploads\/2025\/04\/whatsapp-image-2025-03-24-at-13-07-12-1-212x300-1.jpeg\" width=\"212\" height=\"300\" title=\"whatsapp-image-2025-03-24-at-13-07-12-1-212x300-1\"><img loading=\"lazy\" decoding=\"async\" loading=\"lazy\" class=\"alignnone size-medium wp-image-19975\" src=\"https:\/\/informacionlocal.es\/wp-content\/uploads\/2025\/04\/whatsapp-image-2025-03-24-at-13-07-13-212x300-1.jpeg\" width=\"212\" height=\"300\" title=\"whatsapp-image-2025-03-24-at-13-07-13-212x300-1\"><img loading=\"lazy\" decoding=\"async\" loading=\"lazy\" class=\"alignnone size-medium wp-image-19974\" src=\"https:\/\/informacionlocal.es\/wp-content\/uploads\/2025\/04\/whatsapp-image-2025-03-24-at-13-07-13-1-212x300-1.jpeg\" width=\"212\" height=\"300\" title=\"whatsapp-image-2025-03-24-at-13-07-13-1-212x300-1\"><\/p>\n<div>Condividi<\/div>\n<\/div>\n","protected":false},"excerpt":{"rendered":"<p><i>Un fine settimana all&#8217;insegna del gusto locale, della cultura e della tradizione della pesca, con attivit\u00e0 per tutte le et\u00e0.<\/i><\/p>\n","protected":false},"author":1,"featured_media":718,"comment_status":"open","ping_status":"open","sticky":false,"template":"","format":"standard","meta":{"inline_featured_image":false,"jnews-multi-image_gallery":[],"jnews_single_post":[],"jnews_primary_category":[],"jnews_social_meta":[],"jnews_override_counter":[],"jnews_post_split":[],"footnotes":""},"categories":[298],"tags":[202,224,238,223],"class_list":["post-1144","post","type-post","status-publish","format-standard","has-post-thumbnail","hentry","category-pajara-it","tag-comuni","tag-cultura-e-tempo-libero","tag-eventi","tag-fuerteventura-it"],"jetpack_featured_media_url":"https:\/\/informacionlocal.es\/wp-content\/uploads\/2025\/04\/whatsapp-image-2025-03-24-at-13-07-12.jpeg","_links":{"self":[{"href":"https:\/\/informacionlocal.es\/it\/wp-json\/wp\/v2\/posts\/1144","targetHints":{"allow":["GET"]}}],"collection":[{"href":"https:\/\/informacionlocal.es\/it\/wp-json\/wp\/v2\/posts"}],"about":[{"href":"https:\/\/informacionlocal.es\/it\/wp-json\/wp\/v2\/types\/post"}],"author":[{"embeddable":true,"href":"https:\/\/informacionlocal.es\/it\/wp-json\/wp\/v2\/users\/1"}],"replies":[{"embeddable":true,"href":"https:\/\/informacionlocal.es\/it\/wp-json\/wp\/v2\/comments?post=1144"}],"version-history":[{"count":1,"href":"https:\/\/informacionlocal.es\/it\/wp-json\/wp\/v2\/posts\/1144\/revisions"}],"predecessor-version":[{"id":1814,"href":"https:\/\/informacionlocal.es\/it\/wp-json\/wp\/v2\/posts\/1144\/revisions\/1814"}],"wp:featuredmedia":[{"embeddable":true,"href":"https:\/\/informacionlocal.es\/it\/wp-json\/wp\/v2\/media\/718"}],"wp:attachment":[{"href":"https:\/\/informacionlocal.es\/it\/wp-json\/wp\/v2\/media?parent=1144"}],"wp:term":[{"taxonomy":"category","embeddable":true,"href":"https:\/\/informacionlocal.es\/it\/wp-json\/wp\/v2\/categories?post=1144"},{"taxonomy":"post_tag","embeddable":true,"href":"https:\/\/informacionlocal.es\/it\/wp-json\/wp\/v2\/tags?post=1144"}],"curies":[{"name":"wp","href":"https:\/\/api.w.org\/{rel}","templated":true}]}}