{"id":11397,"date":"2025-09-26T17:22:40","date_gmt":"2025-09-26T16:22:40","guid":{"rendered":"https:\/\/informacionlocal.es\/finalizados-los-arreglos-en-el-asfalto-de-la-calle-manuel-sanchez-evora-hacia-la-corte\/"},"modified":"2025-09-26T17:22:40","modified_gmt":"2025-09-26T16:22:40","slug":"finalizados-los-arreglos-en-el-asfalto-de-la-calle-manuel-sanchez-evora-hacia-la-corte","status":"publish","type":"post","link":"https:\/\/informacionlocal.es\/it\/finalizados-los-arreglos-en-el-asfalto-de-la-calle-manuel-sanchez-evora-hacia-la-corte\/","title":{"rendered":"Finalizados los arreglos en el asfalto de la calle Manuel S\u00e1nchez \u00c9vora hacia La Corte"},"content":{"rendered":"<div class=\"elementor-widget-container\">\n<p><strong>Finalizados los arreglos en el asfalto de la calle Manuel S\u00e1nchez \u00c9vora hacia La Corte<\/strong><\/p>\n<p><strong>\u2022 El Ayuntamiento de Antigua interviene por la inseguridad vial en la circulaci\u00f3n provocada por el mal estado del firme de la calzada.<\/strong><\/p>\n<p>El Ayuntamiento de Antigua ha intervenido y finalizado el arreglo de un tramo de 1,5 kil\u00f3metros de la calle Manuel S\u00e1nchez \u00c9vora en su entrada desde Antigua a La Corte.<\/p>\n<p>Una actuaci\u00f3n que responde a la demanda de conductores y principalmente vecinos y vecinas residentes en viviendas pr\u00f3ximas, afirma el alcalde, Mat\u00edas Pe\u00f1a Garc\u00eda, que explica como el Ayuntamiento de Antigua ha podido intervenir por fin, gracias a las peticiones vecinales y un informe municipal reflejando el mal estado y peligrosidad que supon\u00eda el estado de este vial.<\/p>\n<p>En un tramo de kil\u00f3metro y medio han sido reparados todos los socavones con un firme y un procedimiento de asfaltado de mayor resistencia, prolongando su durabilidad frente a deformaciones, fisuras o desgaste principalmente provocado por el paso de maquinaria pesada o camiones de importante tonelaje.<\/p>\n<p>La actuaci\u00f3n ha sido financiada e impulsada por el Ayuntamiento de Antigua en un trabajo coordinado por las concejal\u00edas de Obras y Servicios y Tr\u00e1fico, que dirigen respectivamente, los concejales Juan Cabrera y Samuel Torres, dando como resultado, concluye el alcalde, un vial m\u00e1s seguro en beneficio de los vecinos y vecinas residentes, as\u00ed como del numeroso y diario tr\u00e1fico de veh\u00edculos registrado en esta calzada.<\/p>\n<\/div>\n","protected":false},"excerpt":{"rendered":"<p><strong>Finalizados los arreglos en el asfalto de la calle Manuel S\u00e1nchez \u00c9vora hacia La Corte<\/strong><\/p>\n","protected":false},"author":1,"featured_media":11399,"comment_status":"open","ping_status":"open","sticky":false,"template":"","format":"standard","meta":{"inline_featured_image":false,"jnews-multi-image_gallery":[],"jnews_single_post":[],"jnews_primary_category":[],"jnews_social_meta":[],"jnews_override_counter":[],"jnews_post_split":[],"footnotes":""},"categories":[59],"tags":[],"class_list":["post-11397","post","type-post","status-publish","format-standard","has-post-thumbnail","hentry","category-antigua"],"jetpack_featured_media_url":"https:\/\/informacionlocal.es\/wp-content\/uploads\/2025\/09\/finalizado-el-arreglo-vial-de-antigua-a-la-corte-3-scaled-1.jpg","_links":{"self":[{"href":"https:\/\/informacionlocal.es\/it\/wp-json\/wp\/v2\/posts\/11397","targetHints":{"allow":["GET"]}}],"collection":[{"href":"https:\/\/informacionlocal.es\/it\/wp-json\/wp\/v2\/posts"}],"about":[{"href":"https:\/\/informacionlocal.es\/it\/wp-json\/wp\/v2\/types\/post"}],"author":[{"embeddable":true,"href":"https:\/\/informacionlocal.es\/it\/wp-json\/wp\/v2\/users\/1"}],"replies":[{"embeddable":true,"href":"https:\/\/informacionlocal.es\/it\/wp-json\/wp\/v2\/comments?post=11397"}],"version-history":[{"count":0,"href":"https:\/\/informacionlocal.es\/it\/wp-json\/wp\/v2\/posts\/11397\/revisions"}],"wp:featuredmedia":[{"embeddable":true,"href":"https:\/\/informacionlocal.es\/it\/wp-json\/wp\/v2\/media\/11399"}],"wp:attachment":[{"href":"https:\/\/informacionlocal.es\/it\/wp-json\/wp\/v2\/media?parent=11397"}],"wp:term":[{"taxonomy":"category","embeddable":true,"href":"https:\/\/informacionlocal.es\/it\/wp-json\/wp\/v2\/categories?post=11397"},{"taxonomy":"post_tag","embeddable":true,"href":"https:\/\/informacionlocal.es\/it\/wp-json\/wp\/v2\/tags?post=11397"}],"curies":[{"name":"wp","href":"https:\/\/api.w.org\/{rel}","templated":true}]}}