{"id":11361,"date":"2025-09-25T18:58:31","date_gmt":"2025-09-25T17:58:31","guid":{"rendered":"https:\/\/informacionlocal.es\/los-tractores-agricolas-preparan-las-gavias-de-tiscamanita-para-su-cultivo\/"},"modified":"2025-09-25T18:58:31","modified_gmt":"2025-09-25T17:58:31","slug":"los-tractores-agricolas-preparan-las-gavias-de-tiscamanita-para-su-cultivo","status":"publish","type":"post","link":"https:\/\/informacionlocal.es\/it\/los-tractores-agricolas-preparan-las-gavias-de-tiscamanita-para-su-cultivo\/","title":{"rendered":"\ufeffLos tractores agr\u00edcolas preparan las gavias de Tiscamanita para su cultivo"},"content":{"rendered":"<div class=\"entry-content\"><strong>25 septiembre, 2025<\/strong><\/p>\n<p><strong><em>Una actuaci\u00f3n coordinada entre Cabildo y del Ayuntamiento permite dar<br \/>\nrespuesta a una veintena de solicitudes de los vecinos<\/em><\/strong><\/p>\n<p>Tiscamanita se prepara para germinar. Los<br \/>\ntractores agr\u00edcolas de la Consejer\u00eda de Obras y Maquinaria del Cabildo y de la<br \/>\nConcejal\u00eda de Maquinaria del Ayuntamiento de Tuineje comienzan hoy a preparar<br \/>\nsus gavias para el cultivo. Una actuaci\u00f3n en l\u00ednea con el concepto de soberan\u00eda<br \/>\nalimentaria, conservaci\u00f3n de los paisajes tradicionales y captaci\u00f3n de aguas<br \/>\npara surtir a los acu\u00edferos.<\/p>\n<p>La presidenta del Cabildo, Lola Garc\u00eda, pone<br \/>\nen valor la colaboraci\u00f3n entre instituciones, en este caso mejorando el paisaje<br \/>\nagr\u00edcola de Fuerteventura, \u201cun tesoro que debemos conservar\u201d.<\/p>\n<p>Blas Acosta, consejero de Obras y Maquinaria<br \/>\ndel Cabildo, apunta que \u201clos gestores p\u00fablicos cumplen su funci\u00f3n cuando dan<br \/>\nrespuesta a las necesidades de los ciudadanos, y la mejor forma de hacerlo es<br \/>\ncoordinar y combinar los recursos limitados de las administraciones para<br \/>\nmultiplicar su efecto sobre las demandas de los vecinos y vecinas\u201d.<\/p>\n<p>Jonathan Pe\u00f1a, concejal de Sector Primario y<br \/>\nMaquinaria del Ayuntamiento de Tuineje, pone en valor \u201cla actividad agr\u00edcola y<br \/>\nganadera del municipio, que a base de tenacidad y constancia de sus vecinos y<br \/>\nvecinas, con el apoyo de las administraciones como en este caso, son capaces de<br \/>\nmantener operativas las gavias y producir alimentos de kil\u00f3metro cero\u201d.<\/p>\n<p>Esta ma\u00f1ana, los tractores agr\u00edcolas del<br \/>\nCabildo y del Ayuntamiento y su personal han comenzado a reparar trastones y preparar<br \/>\nlos terrenos de las gavias de Tiscamanita para el cultivo. Entre otras<br \/>\nacciones, se prev\u00e9 retirar maleza, limpiar y barbechar gavias o estercolar las<br \/>\nzonas de cultivo para aumentar su fertilidad.<\/p>\n<p>Con esta actuaci\u00f3n conjunta de Cabildo y<br \/>\nAyuntamiento en Tiscamanita se consigue recuperar y adecentar las gavias de una<br \/>\nveintena de vecinos solicitantes del servicio, con un triple objetivo:<br \/>\nfacilitar el cultivo en terrenos f\u00e9rtiles, reponer los acu\u00edferos y restablecer<br \/>\nlos paisajes identitarios de Fuerteventura.<\/p>\n<\/div>\n","protected":false},"excerpt":{"rendered":"<p>25 septiembre, 2025 Una actuaci\u00f3n coordinada entre Cabildo y del Ayuntamiento permite dar respuesta a una veintena de solicitudes de los vecinos Tiscamanita se prepara para germinar. Los tractores agr\u00edcolas [&hellip;]<\/p>\n","protected":false},"author":1,"featured_media":11363,"comment_status":"open","ping_status":"open","sticky":false,"template":"","format":"standard","meta":{"inline_featured_image":false,"jnews-multi-image_gallery":[],"jnews_single_post":[],"jnews_primary_category":[],"jnews_social_meta":[],"jnews_override_counter":[],"jnews_post_split":[],"footnotes":""},"categories":[58],"tags":[82],"class_list":["post-11361","post","type-post","status-publish","format-standard","has-post-thumbnail","hentry","category-cabildo","tag-fuerteventura"],"jetpack_featured_media_url":"https:\/\/informacionlocal.es\/wp-content\/uploads\/2025\/09\/1758799542-e721ead8f6cf75ef5c90e65cd9b3d727.jpg","_links":{"self":[{"href":"https:\/\/informacionlocal.es\/it\/wp-json\/wp\/v2\/posts\/11361","targetHints":{"allow":["GET"]}}],"collection":[{"href":"https:\/\/informacionlocal.es\/it\/wp-json\/wp\/v2\/posts"}],"about":[{"href":"https:\/\/informacionlocal.es\/it\/wp-json\/wp\/v2\/types\/post"}],"author":[{"embeddable":true,"href":"https:\/\/informacionlocal.es\/it\/wp-json\/wp\/v2\/users\/1"}],"replies":[{"embeddable":true,"href":"https:\/\/informacionlocal.es\/it\/wp-json\/wp\/v2\/comments?post=11361"}],"version-history":[{"count":0,"href":"https:\/\/informacionlocal.es\/it\/wp-json\/wp\/v2\/posts\/11361\/revisions"}],"wp:featuredmedia":[{"embeddable":true,"href":"https:\/\/informacionlocal.es\/it\/wp-json\/wp\/v2\/media\/11363"}],"wp:attachment":[{"href":"https:\/\/informacionlocal.es\/it\/wp-json\/wp\/v2\/media?parent=11361"}],"wp:term":[{"taxonomy":"category","embeddable":true,"href":"https:\/\/informacionlocal.es\/it\/wp-json\/wp\/v2\/categories?post=11361"},{"taxonomy":"post_tag","embeddable":true,"href":"https:\/\/informacionlocal.es\/it\/wp-json\/wp\/v2\/tags?post=11361"}],"curies":[{"name":"wp","href":"https:\/\/api.w.org\/{rel}","templated":true}]}}