{"id":11349,"date":"2025-09-25T17:00:15","date_gmt":"2025-09-25T16:00:15","guid":{"rendered":"https:\/\/informacionlocal.es\/el-cabildo-de-fuerteventura-inicia-las-obras-de-rehabilitacion-del-mirador-de-morro-velosa\/"},"modified":"2025-09-25T17:00:15","modified_gmt":"2025-09-25T16:00:15","slug":"el-cabildo-de-fuerteventura-inicia-las-obras-de-rehabilitacion-del-mirador-de-morro-velosa","status":"publish","type":"post","link":"https:\/\/informacionlocal.es\/it\/el-cabildo-de-fuerteventura-inicia-las-obras-de-rehabilitacion-del-mirador-de-morro-velosa\/","title":{"rendered":"El Cabildo de Fuerteventura inicia las obras de rehabilitaci\u00f3n del Mirador de Morro Velosa"},"content":{"rendered":"<div class=\"entry-content\"><strong>25 septiembre, 2025<\/strong><\/p>\n<p>El Cabildo de Fuerteventura ha iniciado las obras de reparaci\u00f3n y adecuaci\u00f3n del Mirador de Morro Velosa para su futura reapertura al p\u00fablico. La presidenta insular, Lola Garc\u00eda, la consejera de Turismo, Marlene Figueroa, y el consejero de Museos de Fuerteventura, Rayco Le\u00f3n, visitaron las obras, que se espera est\u00e9n culminadas antes de finalizar el 2026, gracias a la coordinaci\u00f3n entre las \u00e1reas de Turismo y Museos de Fuerteventura. Estuvo presente, asimismo, el alcalde de Betancuria, Enrique Cerde\u00f1a.<\/p>\n<p>La presidenta del Cabildo de Fuerteventura, Lola Garc\u00eda, pone en valor \u201clos trabajos de reparaci\u00f3n para hacer m\u00e1s funcional y atractivo un espacio de gran inter\u00e9s para residentes y visitantes, siendo uno de los puntos de Fuerteventura donde mejor se percibe la inmensidad de nuestras zonas \u00e1ridas\u201d. \u00a0<\/p>\n<p>Con una inversi\u00f3n de m\u00e1s de un mill\u00f3n de euros, las obras son ejecutadas por Ecolog\u00eda y Construcci\u00f3n Fesumar S.L. Esta obra se enmarca en el Plan de Sostenibilidad Tur\u00edstica en Destino \u2018Fuerte por Naturaleza\u2019 que impulsa la Consejer\u00eda insular de Turismo y es promovida por Museos de Fuerteventura dentro del proceso de renovaci\u00f3n los espacios muse\u00edsticos por todo el territorio insular.<\/p>\n<p>El Mirador de Morro Velosa, inmueble de m\u00e1s de 25 a\u00f1os de antig\u00fcedad y que albergar\u00e1 el Centro de Interpretaci\u00f3n de Zonas \u00c1ridas, presenta deficiencias por el paso del tiempo que afectan a la conservaci\u00f3n de este centro, por lo que requiere de un proyecto de reforma para asegurar su conservaci\u00f3n a largo plazo. De esta manera, se llevar\u00e1 a cabo una reparaci\u00f3n integral de cara a mejorar su estado en lo que se refiere a pavimentos, porche de entrada, cubierta, revestimientos y carpinter\u00eda interior y exterior.\u00a0Tambi\u00e9n se mejora su distribuci\u00f3n y accesibilidad, as\u00ed como ampliaci\u00f3n de cafeter\u00eda y ejecuci\u00f3n de terraza.<\/p>\n<p>El PSTD \u2018Fuerte por Naturaleza\u2019 cuenta con fondos europeos NextGeneration dentro del Plan de Recuperaci\u00f3n, Transformaci\u00f3n y Resiliencia.\u00a0 Su objetivo es mejorar la competitividad tur\u00edstica con nuevos equipamientos y actuaciones como la que se promueve en Morro Velosa. Dentro de este plan, se desarrollan diferentes actuaciones en todos los municipios en convenio con los ayuntamientos.<\/p>\n<\/div>\n","protected":false},"excerpt":{"rendered":"<p>25 septiembre, 2025 El Cabildo de Fuerteventura ha iniciado las obras de reparaci\u00f3n y adecuaci\u00f3n del Mirador de Morro Velosa para su futura reapertura al p\u00fablico. La presidenta insular, Lola [&hellip;]<\/p>\n","protected":false},"author":1,"featured_media":11351,"comment_status":"open","ping_status":"open","sticky":false,"template":"","format":"standard","meta":{"inline_featured_image":false,"jnews-multi-image_gallery":[],"jnews_single_post":[],"jnews_primary_category":[],"jnews_social_meta":[],"jnews_override_counter":[],"jnews_post_split":[],"footnotes":""},"categories":[58],"tags":[82,65],"class_list":["post-11349","post","type-post","status-publish","format-standard","has-post-thumbnail","hentry","category-cabildo","tag-fuerteventura","tag-municipios"],"jetpack_featured_media_url":"https:\/\/informacionlocal.es\/wp-content\/uploads\/2025\/09\/whatsapp-image-2025-09-25-at-13-19-37-2.jpeg","_links":{"self":[{"href":"https:\/\/informacionlocal.es\/it\/wp-json\/wp\/v2\/posts\/11349","targetHints":{"allow":["GET"]}}],"collection":[{"href":"https:\/\/informacionlocal.es\/it\/wp-json\/wp\/v2\/posts"}],"about":[{"href":"https:\/\/informacionlocal.es\/it\/wp-json\/wp\/v2\/types\/post"}],"author":[{"embeddable":true,"href":"https:\/\/informacionlocal.es\/it\/wp-json\/wp\/v2\/users\/1"}],"replies":[{"embeddable":true,"href":"https:\/\/informacionlocal.es\/it\/wp-json\/wp\/v2\/comments?post=11349"}],"version-history":[{"count":0,"href":"https:\/\/informacionlocal.es\/it\/wp-json\/wp\/v2\/posts\/11349\/revisions"}],"wp:featuredmedia":[{"embeddable":true,"href":"https:\/\/informacionlocal.es\/it\/wp-json\/wp\/v2\/media\/11351"}],"wp:attachment":[{"href":"https:\/\/informacionlocal.es\/it\/wp-json\/wp\/v2\/media?parent=11349"}],"wp:term":[{"taxonomy":"category","embeddable":true,"href":"https:\/\/informacionlocal.es\/it\/wp-json\/wp\/v2\/categories?post=11349"},{"taxonomy":"post_tag","embeddable":true,"href":"https:\/\/informacionlocal.es\/it\/wp-json\/wp\/v2\/tags?post=11349"}],"curies":[{"name":"wp","href":"https:\/\/api.w.org\/{rel}","templated":true}]}}