{"id":1131,"date":"2025-04-10T22:16:16","date_gmt":"2025-04-10T22:16:16","guid":{"rendered":"https:\/\/informacionlocal.es\/il-cabildo-di-fuerteventura-apre-il-bando-per-le-borse-di-studio-per-la-formazione-pratica\/"},"modified":"2025-04-14T10:17:28","modified_gmt":"2025-04-14T10:17:28","slug":"il-cabildo-di-fuerteventura-apre-il-bando-per-le-borse-di-studio-per-la-formazione-pratica","status":"publish","type":"post","link":"https:\/\/informacionlocal.es\/it\/il-cabildo-di-fuerteventura-apre-il-bando-per-le-borse-di-studio-per-la-formazione-pratica\/","title":{"rendered":"Il Cabildo di Fuerteventura apre il bando per le borse di studio per la formazione pratica"},"content":{"rendered":"<div class=\"entry-content\"><strong>9 aprile 2025<\/strong><\/p>\n<p class=\"p1\"><span class=\"s1\"><i>Gli interessati possono presentare la propria candidatura fino al 25 aprile tramite il seguente sito web <\/i><span class=\"s2\"><i>becaspracticas.cabildofuer.es<\/i><\/span><\/span><\/p>\n<p class=\"p3\"><span class=\"s1\">Il Cabildo de Fuerteventura, attraverso il Dipartimento dell&#8217;Educazione, ha aperto il bando per le borse di studio di formazione pratica, rivolte a studenti di formazione professionale e universitari che stanno completando gli studi in questo anno accademico. Gli interessati possono presentare la propria candidatura fino al 25 aprile, sul sito <span class=\"s3\">becaspracticas.cabildofuer.es<\/span> <\/span><\/p>\n<p class=\"p3\"><span class=\"s1\">La presidente del Cabildo, Lola Garc\u00eda, sottolinea il valore di un programma pionieristico che, da oltre vent&#8217;anni, offre un&#8217;opportunit\u00e0 di lavoro a pi\u00f9 di 3.000 studenti. Il programma permette loro di avere un primo approccio con il mercato del lavoro, svolgendo i loro stage non solo nel Cabildo, ma anche nei consigli comunali e in altri enti che collaborano. <\/span><\/p>\n<p class=\"p3\"><span class=\"s1\">&#8220;La formazione dei nostri giovani \u00e8 una delle principali priorit\u00e0 di questa Corporazione. Incoraggiamo e sosteniamo i giovani dell&#8217;isola affinch\u00e9 abbiano una formazione adeguata per il loro inserimento nel mercato del lavoro&#8221;, afferma l&#8217;assessore all&#8217;Istruzione, Adargoma Hern\u00e1ndez.  <\/span><\/p>\n<p class=\"p3\"><span class=\"s1\">Tutte le informazioni sulle sovvenzioni per la formazione pratica possono essere consultate sul sito<span class=\"Apple-converted-space\">  <\/span><span class=\"s3\">educacion@cabildofuer.es<\/span> o telefonando al numero 928 86 24 78.<\/span><\/p>\n<\/div>\n","protected":false},"excerpt":{"rendered":"<p>9 aprile 2025 Gli interessati possono presentare la propria candidatura fino al 25 aprile tramite il seguente sito web becaspracticas.cabildofuer.es Il Cabildo de Fuerteventura, attraverso il Dipartimento dell&#8217;Educazione, ha aperto [&hellip;]<\/p>\n","protected":false},"author":1,"featured_media":730,"comment_status":"open","ping_status":"open","sticky":false,"template":"","format":"standard","meta":{"inline_featured_image":false,"jnews-multi-image_gallery":[],"jnews_single_post":[],"jnews_primary_category":[],"jnews_social_meta":[],"jnews_override_counter":[],"jnews_post_split":[],"footnotes":""},"categories":[289],"tags":[202,223,235,221,222],"class_list":["post-1131","post","type-post","status-publish","format-standard","has-post-thumbnail","hentry","category-cabildo-it","tag-comuni","tag-fuerteventura-it","tag-inviti-a-presentare-candidature","tag-istruzione","tag-occupazione-e-formazione"],"jetpack_featured_media_url":"https:\/\/informacionlocal.es\/wp-content\/uploads\/2025\/04\/becas.jpeg","_links":{"self":[{"href":"https:\/\/informacionlocal.es\/it\/wp-json\/wp\/v2\/posts\/1131","targetHints":{"allow":["GET"]}}],"collection":[{"href":"https:\/\/informacionlocal.es\/it\/wp-json\/wp\/v2\/posts"}],"about":[{"href":"https:\/\/informacionlocal.es\/it\/wp-json\/wp\/v2\/types\/post"}],"author":[{"embeddable":true,"href":"https:\/\/informacionlocal.es\/it\/wp-json\/wp\/v2\/users\/1"}],"replies":[{"embeddable":true,"href":"https:\/\/informacionlocal.es\/it\/wp-json\/wp\/v2\/comments?post=1131"}],"version-history":[{"count":1,"href":"https:\/\/informacionlocal.es\/it\/wp-json\/wp\/v2\/posts\/1131\/revisions"}],"predecessor-version":[{"id":1790,"href":"https:\/\/informacionlocal.es\/it\/wp-json\/wp\/v2\/posts\/1131\/revisions\/1790"}],"wp:featuredmedia":[{"embeddable":true,"href":"https:\/\/informacionlocal.es\/it\/wp-json\/wp\/v2\/media\/730"}],"wp:attachment":[{"href":"https:\/\/informacionlocal.es\/it\/wp-json\/wp\/v2\/media?parent=1131"}],"wp:term":[{"taxonomy":"category","embeddable":true,"href":"https:\/\/informacionlocal.es\/it\/wp-json\/wp\/v2\/categories?post=1131"},{"taxonomy":"post_tag","embeddable":true,"href":"https:\/\/informacionlocal.es\/it\/wp-json\/wp\/v2\/tags?post=1131"}],"curies":[{"name":"wp","href":"https:\/\/api.w.org\/{rel}","templated":true}]}}