{"id":11307,"date":"2025-09-24T21:58:36","date_gmt":"2025-09-24T20:58:36","guid":{"rendered":"https:\/\/informacionlocal.es\/antigua-lamenta-el-fallecimiento-de-juansito-o-d-juan-avelino-cabrera-amador\/"},"modified":"2025-09-24T21:58:36","modified_gmt":"2025-09-24T20:58:36","slug":"antigua-lamenta-el-fallecimiento-de-juansito-o-d-juan-avelino-cabrera-amador","status":"publish","type":"post","link":"https:\/\/informacionlocal.es\/it\/antigua-lamenta-el-fallecimiento-de-juansito-o-d-juan-avelino-cabrera-amador\/","title":{"rendered":"Antigua lamenta el fallecimiento de Juansito o D. Juan Avelino Cabrera Amador"},"content":{"rendered":"<div class=\"elementor-widget-container\">\n<p><strong>Antigua lamenta el fallecimiento de Juansito o D. Juan Avelino Cabrera Amador<\/strong><\/p>\n<p><strong>\u2022 Con cerca de 100 a\u00f1os nos deja un compa\u00f1ero de viaje y querido vecino de Antigua, afirma el alcalde, Mat\u00edas Pe\u00f1a Garc\u00eda.<\/strong><\/p>\n<p>El Ayuntamiento de Antigua lamenta el fallecimiento de Juan Avelino Cabrera Amador, conocido cari\u00f1osamente como Juansito, vecino de Antigua implicado en su historia como pueblo y en la historia personal de muchos como vecino y amigo, quien fuese adem\u00e1s creador, y uno de sus m\u00e1s longevos presidentes, de la Asociaci\u00f3n de Mayores zona centro de Antigua.<\/p>\n<p>Trasladar a su familia, amistades y personas m\u00e1s allegadas, el sentimiento de p\u00e9same, perdida y dolor de la Corporaci\u00f3n Municipal de Antigua por quien fuese un gran compa\u00f1ero de viaje, maestro de humildad y amigo de todos, y a\u00f1ade el alcalde, Mat\u00edas Pe\u00f1a Garc\u00eda, gracias por tanto y Descanse en Paz.<\/p>\n<\/div>\n","protected":false},"excerpt":{"rendered":"<p><strong>Antigua lamenta el fallecimiento de Juansito o D. Juan Avelino Cabrera Amador<\/strong><\/p>\n","protected":false},"author":1,"featured_media":11309,"comment_status":"open","ping_status":"open","sticky":false,"template":"","format":"standard","meta":{"inline_featured_image":false,"jnews-multi-image_gallery":[],"jnews_single_post":[],"jnews_primary_category":[],"jnews_social_meta":[],"jnews_override_counter":[],"jnews_post_split":[],"footnotes":""},"categories":[59],"tags":[],"class_list":["post-11307","post","type-post","status-publish","format-standard","has-post-thumbnail","hentry","category-antigua"],"jetpack_featured_media_url":"https:\/\/informacionlocal.es\/wp-content\/uploads\/2025\/09\/juansito-o-juan-avelino-cabrera-amador.jpg","_links":{"self":[{"href":"https:\/\/informacionlocal.es\/it\/wp-json\/wp\/v2\/posts\/11307","targetHints":{"allow":["GET"]}}],"collection":[{"href":"https:\/\/informacionlocal.es\/it\/wp-json\/wp\/v2\/posts"}],"about":[{"href":"https:\/\/informacionlocal.es\/it\/wp-json\/wp\/v2\/types\/post"}],"author":[{"embeddable":true,"href":"https:\/\/informacionlocal.es\/it\/wp-json\/wp\/v2\/users\/1"}],"replies":[{"embeddable":true,"href":"https:\/\/informacionlocal.es\/it\/wp-json\/wp\/v2\/comments?post=11307"}],"version-history":[{"count":0,"href":"https:\/\/informacionlocal.es\/it\/wp-json\/wp\/v2\/posts\/11307\/revisions"}],"wp:featuredmedia":[{"embeddable":true,"href":"https:\/\/informacionlocal.es\/it\/wp-json\/wp\/v2\/media\/11309"}],"wp:attachment":[{"href":"https:\/\/informacionlocal.es\/it\/wp-json\/wp\/v2\/media?parent=11307"}],"wp:term":[{"taxonomy":"category","embeddable":true,"href":"https:\/\/informacionlocal.es\/it\/wp-json\/wp\/v2\/categories?post=11307"},{"taxonomy":"post_tag","embeddable":true,"href":"https:\/\/informacionlocal.es\/it\/wp-json\/wp\/v2\/tags?post=11307"}],"curies":[{"name":"wp","href":"https:\/\/api.w.org\/{rel}","templated":true}]}}