{"id":11219,"date":"2025-09-23T22:58:22","date_gmt":"2025-09-23T21:58:22","guid":{"rendered":"https:\/\/informacionlocal.es\/el-sector-vitivinicola-majorero-se-informa-sobre-las-medidas-frente-a-la-filoxera-de-la-vid\/"},"modified":"2025-09-23T22:58:22","modified_gmt":"2025-09-23T21:58:22","slug":"el-sector-vitivinicola-majorero-se-informa-sobre-las-medidas-frente-a-la-filoxera-de-la-vid","status":"publish","type":"post","link":"https:\/\/informacionlocal.es\/it\/el-sector-vitivinicola-majorero-se-informa-sobre-las-medidas-frente-a-la-filoxera-de-la-vid\/","title":{"rendered":"El sector vitivin\u00edcola majorero se informa sobre las medidas frente a la filoxera de la vid"},"content":{"rendered":"<div class=\"entry-content\"><strong>23 septiembre, 2025<\/strong><\/p>\n<p><strong><em>Gobierno de Canarias y Cabildo de Fuerteventura ofrecen una charla informativa sobre detecci\u00f3n y prevenci\u00f3n de la filoxera<\/em><\/strong><\/p>\n<p><strong><em>Aunque no se han detectado casos en la Isla, se pide extremar la vigilancia como medida preventiva<\/em><\/strong><\/p>\n<p>El Gobierno de Canarias, desde el \u00e1rea de Agricultura, Ganader\u00eda y Pesca, y en colaboraci\u00f3n con el Cabildo de Fuerteventura, ha ofrecido una reuni\u00f3n informativa sobre detecci\u00f3n y prevenci\u00f3n de la filoxera de la vid, dirigida al sector vitivin\u00edcola de la Isla. Celebrada en el Palacio de Formaci\u00f3n y Congresos, ha contado con la intervenci\u00f3n del viceconsejero de Sector Primario del ejecutivo regional, Eduardo Garc\u00eda, y el consejero de Agricultura, Ganader\u00eda y Pesca de la Corporaci\u00f3n insular, Mat\u00edas Pe\u00f1a.<\/p>\n<p>Estuvieron presentes, adem\u00e1s, el director general de Ganader\u00eda, Andr\u00e9s D\u00edaz, y los concejales del \u00e1rea: Jos\u00e9 D\u00edaz (P\u00e1jara), Jonathan Pe\u00f1a (Tuineje), Rub\u00e9n Montelongo (La Oliva) y David de Le\u00f3n (Puerto del Rosario), as\u00ed como una amplia representaci\u00f3n del sector vitivin\u00edcola insular. Asisti\u00f3, tambi\u00e9n, el consejero insular de Residuos, Enrique P\u00e9rez.<\/p>\n<p>Eduardo Garc\u00eda agradeci\u00f3 la alta participaci\u00f3n del sector primario majorero en una actividad, \u201cque tiene como objetivo dar a conocer las medidas que se est\u00e1n acometiendo y la importancia de contar con la implicaci\u00f3n de todos y todas para erradicar la filoxera\u201d.<\/p>\n<p>El viceconsejero anunci\u00f3, asimismo, la creaci\u00f3n de un Comit\u00e9 Cient\u00edfico T\u00e9cnico que asesorar\u00e1 en estrategias de control y erradicaci\u00f3n con base en la evidencia cient\u00edfica, con la participaci\u00f3n de expertos pertenecientes a colegios profesionales, universidades y DOP de todas las islas, entre otros.<\/p>\n<p>Por su parte, Mat\u00edas Pe\u00f1a, explic\u00f3 que \u201cdesde que conocimos el problema de la filoxera en Tenerife, hemos mantenido reuniones con personal t\u00e9cnico del Gobierno de Canarias para abordar la situaci\u00f3n y poder poner en com\u00fan todas las medidas preventivas con el sector agr\u00edcola majorero\u201d.<\/p>\n<p>A finales del mes de julio, el Gobierno de Canarias y Cabildo de Tenerife detectaron brotes de filoxera de la vid (Daktulosphaira vitifoliae) en la isla de Tenerife. Aunque no se han detectado casos hasta ahora en Fuerteventura, es importante extremar la vigilancia como medida preventiva, para garantizar una respuesta r\u00e1pida en caso de que fuera necesario activar el protocolo.<\/p>\n<p>Los agricultores y viticultores que detecten posibles incidencias pueden comunicarlas en la Unidad de Agricultura, Ganader\u00eda y Pesca del Cabildo en Puerto del Rosario, a trav\u00e9s de los tel\u00e9fonos 928 532 035 y 928 531 184, o en los correos electr\u00f3nicosagricultura@cabildofuer.es\u00a0y\u00a0ganaderia@cabildofuer.es.<\/p>\n<p>Tambi\u00e9n se puede notificar en la Agencia de Agricultura, Ganader\u00eda y Pesca en Gran Tarajal, en el tel\u00e9fono 928 870 782 o mediante el correo\u00a0ext_gt@cabildofuer.es.<\/p>\n<\/div>\n","protected":false},"excerpt":{"rendered":"<p>23 septiembre, 2025 Gobierno de Canarias y Cabildo de Fuerteventura ofrecen una charla informativa sobre detecci\u00f3n y prevenci\u00f3n de la filoxera Aunque no se han detectado casos en la Isla, [&hellip;]<\/p>\n","protected":false},"author":1,"featured_media":11221,"comment_status":"open","ping_status":"open","sticky":false,"template":"","format":"standard","meta":{"inline_featured_image":false,"jnews-multi-image_gallery":[],"jnews_single_post":[],"jnews_primary_category":[],"jnews_social_meta":[],"jnews_override_counter":[],"jnews_post_split":[],"footnotes":""},"categories":[58],"tags":[385,82],"class_list":["post-11219","post","type-post","status-publish","format-standard","has-post-thumbnail","hentry","category-cabildo","tag-agricultura","tag-fuerteventura"],"jetpack_featured_media_url":"https:\/\/informacionlocal.es\/wp-content\/uploads\/2025\/09\/charla-filoxera3-2.jpeg","_links":{"self":[{"href":"https:\/\/informacionlocal.es\/it\/wp-json\/wp\/v2\/posts\/11219","targetHints":{"allow":["GET"]}}],"collection":[{"href":"https:\/\/informacionlocal.es\/it\/wp-json\/wp\/v2\/posts"}],"about":[{"href":"https:\/\/informacionlocal.es\/it\/wp-json\/wp\/v2\/types\/post"}],"author":[{"embeddable":true,"href":"https:\/\/informacionlocal.es\/it\/wp-json\/wp\/v2\/users\/1"}],"replies":[{"embeddable":true,"href":"https:\/\/informacionlocal.es\/it\/wp-json\/wp\/v2\/comments?post=11219"}],"version-history":[{"count":0,"href":"https:\/\/informacionlocal.es\/it\/wp-json\/wp\/v2\/posts\/11219\/revisions"}],"wp:featuredmedia":[{"embeddable":true,"href":"https:\/\/informacionlocal.es\/it\/wp-json\/wp\/v2\/media\/11221"}],"wp:attachment":[{"href":"https:\/\/informacionlocal.es\/it\/wp-json\/wp\/v2\/media?parent=11219"}],"wp:term":[{"taxonomy":"category","embeddable":true,"href":"https:\/\/informacionlocal.es\/it\/wp-json\/wp\/v2\/categories?post=11219"},{"taxonomy":"post_tag","embeddable":true,"href":"https:\/\/informacionlocal.es\/it\/wp-json\/wp\/v2\/tags?post=11219"}],"curies":[{"name":"wp","href":"https:\/\/api.w.org\/{rel}","templated":true}]}}