{"id":11213,"date":"2025-09-23T21:58:29","date_gmt":"2025-09-23T20:58:29","guid":{"rendered":"https:\/\/informacionlocal.es\/todo-preparado-para-el-campeonato-insular-neuromajo-2025\/"},"modified":"2025-09-23T21:58:29","modified_gmt":"2025-09-23T20:58:29","slug":"todo-preparado-para-el-campeonato-insular-neuromajo-2025","status":"publish","type":"post","link":"https:\/\/informacionlocal.es\/it\/todo-preparado-para-el-campeonato-insular-neuromajo-2025\/","title":{"rendered":"Todo preparado para el Campeonato Insular Neuromajo 2025"},"content":{"rendered":"<div class=\"entry-content\"><strong>23 septiembre, 2025<\/strong><\/p>\n<p><em><strong>La competici\u00f3n se inicia este viernes con un pasacalle inaugural en Corralejo y las competiciones se desarrollan durante el fin de semana en la Granja Experimental de Pozo Negro<\/strong><\/em><\/p>\n<p>Todo preparado para la Competici\u00f3n Insular Neuromajo 2025. Tras los encuentros amistosos y los entrenamientos realizados en la Granja Experimental de Pozo Negro, los equipos comenzar\u00e1n la competici\u00f3n este fin de semana, del 26 al 28 de septiembre.<\/p>\n<p>El viernes, 26 de septiembre, tendr\u00e1 lugar el pasacalle inaugural por la Avenida Nuestra Se\u00f1ora del Carmen hasta la Plaza Patricio Calero de Corralejo (La Oliva), seguido de una ceremonia de inauguraci\u00f3n a cargo de la presidenta insular, Lola Garc\u00eda, el consejero de Acci\u00f3n Social, V\u00edctor Alonso, y con la participaci\u00f3n de todos los municipios.<\/p>\n<p>Por su parte, la competici\u00f3n propiamente dicha comenzar\u00e1 el s\u00e1bado, 27 de septiembre, a las 10.00 horas, en las instalaciones de la Granja Experimental de Pozo Negro (Antigua), con las rondas clasificatorias. El 28 de septiembre, domingo, se disputar\u00e1 la \u00faltima clasificatoria a partir de las 10.00 horas y se iniciar\u00e1n las rondas finales: semifinales y final de cada prueba, as\u00ed como la ceremonia de clausura.<\/p>\n<p>Se han dise\u00f1ado cuatro pruebas que combinan elementos f\u00edsico-cognitivos y que pondr\u00e1n a prueba las destrezas de las personas mayores de la Isla. Estas pruebas son relevos, aro canario, cifras y letras, prueba de carrera de letras. De los 24 equipos de Fuerteventura, se clasificar\u00e1 un equipo por cada prueba, que competir\u00e1n en la final regional.<\/p>\n<p>El Cabildo de Fuerteventura, a trav\u00e9s de la Consejer\u00eda de Acci\u00f3n Social, puso en marcha, desde el pasado mes de marzo, una segunda edici\u00f3n del proyecto, en colaboraci\u00f3n de la Asociaci\u00f3n Neurol\u00edmpica y todos los ayuntamientos de la Isla, con el objetivo de promover el envejecimiento activo, el bienestar y la activaci\u00f3n positiva en personas mayores de 60 a\u00f1os.\u00a0<\/p>\n<\/div>\n","protected":false},"excerpt":{"rendered":"<p>23 septiembre, 2025 La competici\u00f3n se inicia este viernes con un pasacalle inaugural en Corralejo y las competiciones se desarrollan durante el fin de semana en la Granja Experimental de [&hellip;]<\/p>\n","protected":false},"author":1,"featured_media":11215,"comment_status":"open","ping_status":"open","sticky":false,"template":"","format":"standard","meta":{"inline_featured_image":false,"jnews-multi-image_gallery":[],"jnews_single_post":[],"jnews_primary_category":[],"jnews_social_meta":[],"jnews_override_counter":[],"jnews_post_split":[],"footnotes":""},"categories":[58],"tags":[82,65],"class_list":["post-11213","post","type-post","status-publish","format-standard","has-post-thumbnail","hentry","category-cabildo","tag-fuerteventura","tag-municipios"],"jetpack_featured_media_url":"https:\/\/informacionlocal.es\/wp-content\/uploads\/2025\/09\/1758617714-9be29258ac395ee38faadf61c746f200.jpg","_links":{"self":[{"href":"https:\/\/informacionlocal.es\/it\/wp-json\/wp\/v2\/posts\/11213","targetHints":{"allow":["GET"]}}],"collection":[{"href":"https:\/\/informacionlocal.es\/it\/wp-json\/wp\/v2\/posts"}],"about":[{"href":"https:\/\/informacionlocal.es\/it\/wp-json\/wp\/v2\/types\/post"}],"author":[{"embeddable":true,"href":"https:\/\/informacionlocal.es\/it\/wp-json\/wp\/v2\/users\/1"}],"replies":[{"embeddable":true,"href":"https:\/\/informacionlocal.es\/it\/wp-json\/wp\/v2\/comments?post=11213"}],"version-history":[{"count":0,"href":"https:\/\/informacionlocal.es\/it\/wp-json\/wp\/v2\/posts\/11213\/revisions"}],"wp:featuredmedia":[{"embeddable":true,"href":"https:\/\/informacionlocal.es\/it\/wp-json\/wp\/v2\/media\/11215"}],"wp:attachment":[{"href":"https:\/\/informacionlocal.es\/it\/wp-json\/wp\/v2\/media?parent=11213"}],"wp:term":[{"taxonomy":"category","embeddable":true,"href":"https:\/\/informacionlocal.es\/it\/wp-json\/wp\/v2\/categories?post=11213"},{"taxonomy":"post_tag","embeddable":true,"href":"https:\/\/informacionlocal.es\/it\/wp-json\/wp\/v2\/tags?post=11213"}],"curies":[{"name":"wp","href":"https:\/\/api.w.org\/{rel}","templated":true}]}}