{"id":11201,"date":"2025-09-23T19:58:33","date_gmt":"2025-09-23T18:58:33","guid":{"rendered":"https:\/\/informacionlocal.es\/arrancan-las-xx-jornadas-de-estudios-sobre-fuerteventura-y-lanzarote-con-mas-de-80-ponentes\/"},"modified":"2025-09-23T19:58:33","modified_gmt":"2025-09-23T18:58:33","slug":"arrancan-las-xx-jornadas-de-estudios-sobre-fuerteventura-y-lanzarote-con-mas-de-80-ponentes","status":"publish","type":"post","link":"https:\/\/informacionlocal.es\/it\/arrancan-las-xx-jornadas-de-estudios-sobre-fuerteventura-y-lanzarote-con-mas-de-80-ponentes\/","title":{"rendered":"Arrancan las XX Jornadas de Estudios sobre Fuerteventura y Lanzarote con m\u00e1s de 80 ponentes\ufeff"},"content":{"rendered":"<div class=\"entry-content\"><strong>23 septiembre, 2025<\/strong><\/p>\n<p><strong><em>El encuentro se celebrar\u00e1 del 23<br \/>\nal 26 de septiembre en el Palacio de Formaci\u00f3n y Congresos de Fuerteventura<\/em><\/strong><\/p>\n<p><strong><em>Esta edici\u00f3n cuenta con la participaci\u00f3n<br \/>\nde investigadores en cinco \u00e1mbitos de estudio<\/em><\/strong><\/p>\n<p>El Cabildo de Fuerteventura ha inaugurado hoy las XX Jornadas de<br \/>\nEstudio sobre Fuerteventura y Lanzarote, cuya organizaci\u00f3n corresponde este a\u00f1o<br \/>\nal Cabildo de Fuerteventura, desde el Archivo General Insular. Se celebrar\u00e1n<br \/>\ndel 23 al 26 de septiembre en el Palacio de Formaci\u00f3n y Congresos de<br \/>\nFuerteventura.<\/p>\n<p>Las jornadas alcanzan este a\u00f1o su vig\u00e9sima edici\u00f3n, consolid\u00e1ndose<br \/>\ncomo una de las citas culturales y acad\u00e9micas m\u00e1s relevantes de las islas<br \/>\norientales del Archipi\u00e9lago. Nacidas en 1984, las jornadas fueron promovidas<br \/>\ndesde el Archivo Hist\u00f3rico de Fuerteventura y creadas por los cabildos de Fuerteventura<br \/>\ny Lanzarote para paliar la escasa bibliograf\u00eda y el limitado conocimiento<br \/>\nexistente sobre dichas islas. Se celebran cada dos a\u00f1os y alternan su sede<br \/>\nentre ambas islas.<\/p>\n<p>En esta ocasi\u00f3n, se presentan 48 trabajos en las \u00e1reas de<br \/>\nGeograf\u00eda, Historia, Historia del Arte, Lengua y Literatura y Arqueolog\u00eda. Algunos<br \/>\nde esos estudios est\u00e1n firmados por m\u00e1s de un autor y varios de ellos, adem\u00e1s, suscritos<br \/>\npor amplios equipos de investigaci\u00f3n, lo que eleva la cifra de participantes a<br \/>\nm\u00e1s de 80 ponentes.<\/p>\n<p>El acto de presentaci\u00f3n ha contado con la participaci\u00f3n de la<br \/>\npresidenta insular, Lola Garc\u00eda, el consejero de Patrimonio Hist\u00f3rico, Rayco de<br \/>\nLe\u00f3n, la consejera de Educaci\u00f3n del Cabildo de Lanzarote, Ascensi\u00f3n Toledo, y<br \/>\nel concejal de Patrimonio Hist\u00f3rico del Ayuntamiento de Puerto<br \/>\ndel Rosario, David de Le\u00f3n.<\/p>\n<p>La presidenta de la Corporaci\u00f3n Insular, Lola Garc\u00eda, ha resaltado<br \/>\nque \u201ces un orgullo acoger la vig\u00e9sima edici\u00f3n de un encuentro que, durante<br \/>\ncuatro d\u00e9cadas, ha fortalecido la investigaci\u00f3n y la identidad cultural de<br \/>\nnuestras islas\u201d. <\/p>\n<p>Como resultado de todos estos a\u00f1os de cooperaci\u00f3n, ya se han<br \/>\npublicado 860 estudios, lo que ha logrado incrementar notablemente esta<br \/>\nbibliograf\u00eda, \u201cgracias a una de las colaboraciones interinsulares m\u00e1s longevas<br \/>\nque existen en Canarias\u201d. \u201cUn conocimiento muy valioso sobre nuestra historia,<br \/>\nque forma parte de una identidad como pueblo que debemos defender y proteger\u201d.<\/p>\n<p>El consejero de Patrimonio Cultural del Cabildo de Fuerteventura,<br \/>\nRayco Le\u00f3n, ha se\u00f1alado que estas jornadas son un referente cient\u00edfico y<br \/>\ncultural que nos permite profundizar en la historia y el patrimonio de las<br \/>\nislas orientales. Para el consejero insular \u201ces importante reivindicar el papel<br \/>\ndel conocimiento como elemento fundamental para nuestra sociedad, siendo todo<br \/>\nun lujo poder contar con tantos acad\u00e9micos para mostrar sus trabajos sobre<br \/>\nretos comunes que enfrentan Fuerteventura y Lanzarote\u201d.<\/p>\n<p>Por su parte, la consejera de Educaci\u00f3n del Cabildo de Lanzarote, Ascen<br \/>\nToledo, resalt\u00f3 \u201cque las jornadas son un faro para el conocimiento sobre<br \/>\nnuestro patrimonio, cultura y sociedad, como espacio \u00fanico directo, din\u00e1mico y<br \/>\npersonal\u201d. \u201cNo s\u00f3lo son un encuentro acad\u00e9mico, sino tambi\u00e9n una oportunidad<br \/>\npara que nos acerquemos a nuestras ra\u00edces\u201d.<\/p>\n<p>El concejal David de Le\u00f3n explic\u00f3 que \u201cestamos en unas jornadas<br \/>\nmuy importantes para nuestro patrimonio. Es un orgullo que unas jornadas como estas,<br \/>\nque cumplen veinte ediciones, se desarrollen en el municipio de Puerto del<br \/>\nRosario\u201d.<\/p>\n<p>Las jornadas arrancaron con la ponencia de Jos\u00e9 Concepci\u00f3n<br \/>\nRodr\u00edguez sobre el menaje dom\u00e9stico y las bellas artes en Fuerteventura durante<br \/>\nel siglo XVIII. El programa puede consultarse en https:\/\/culturafuerteventura.es\/evento\/xx-las-jornadas-de-estudios-sobre-fuerteventura-y-lanzarote\/?fbclid=IwY2xjawM_VCJleHRuA2FlbQIxMABicmlkETBaZEJBRXpZaGFJd2ZkZzUwAR6tPu_Bi4tWz1pwMdPgjhLMMEKEw_4Qbjxi0sc8b-kn-YrmzUjnGg0luED7Wg_aem_T1A6B62peQaQzuCaOekLfg<\/p>\n<\/div>\n","protected":false},"excerpt":{"rendered":"<p>23 septiembre, 2025 El encuentro se celebrar\u00e1 del 23 al 26 de septiembre en el Palacio de Formaci\u00f3n y Congresos de Fuerteventura Esta edici\u00f3n cuenta con la participaci\u00f3n de investigadores [&hellip;]<\/p>\n","protected":false},"author":1,"featured_media":11203,"comment_status":"open","ping_status":"open","sticky":false,"template":"","format":"standard","meta":{"inline_featured_image":false,"jnews-multi-image_gallery":[],"jnews_single_post":[],"jnews_primary_category":[],"jnews_social_meta":[],"jnews_override_counter":[],"jnews_post_split":[],"footnotes":""},"categories":[58],"tags":[73,82],"class_list":["post-11201","post","type-post","status-publish","format-standard","has-post-thumbnail","hentry","category-cabildo","tag-educacion","tag-fuerteventura"],"jetpack_featured_media_url":"https:\/\/informacionlocal.es\/wp-content\/uploads\/2025\/09\/1758625073-6ab36e147003d7a74f1be268dbbc2713.jpg","_links":{"self":[{"href":"https:\/\/informacionlocal.es\/it\/wp-json\/wp\/v2\/posts\/11201","targetHints":{"allow":["GET"]}}],"collection":[{"href":"https:\/\/informacionlocal.es\/it\/wp-json\/wp\/v2\/posts"}],"about":[{"href":"https:\/\/informacionlocal.es\/it\/wp-json\/wp\/v2\/types\/post"}],"author":[{"embeddable":true,"href":"https:\/\/informacionlocal.es\/it\/wp-json\/wp\/v2\/users\/1"}],"replies":[{"embeddable":true,"href":"https:\/\/informacionlocal.es\/it\/wp-json\/wp\/v2\/comments?post=11201"}],"version-history":[{"count":0,"href":"https:\/\/informacionlocal.es\/it\/wp-json\/wp\/v2\/posts\/11201\/revisions"}],"wp:featuredmedia":[{"embeddable":true,"href":"https:\/\/informacionlocal.es\/it\/wp-json\/wp\/v2\/media\/11203"}],"wp:attachment":[{"href":"https:\/\/informacionlocal.es\/it\/wp-json\/wp\/v2\/media?parent=11201"}],"wp:term":[{"taxonomy":"category","embeddable":true,"href":"https:\/\/informacionlocal.es\/it\/wp-json\/wp\/v2\/categories?post=11201"},{"taxonomy":"post_tag","embeddable":true,"href":"https:\/\/informacionlocal.es\/it\/wp-json\/wp\/v2\/tags?post=11201"}],"curies":[{"name":"wp","href":"https:\/\/api.w.org\/{rel}","templated":true}]}}