{"id":11167,"date":"2025-09-23T13:59:52","date_gmt":"2025-09-23T12:59:52","guid":{"rendered":"https:\/\/informacionlocal.es\/morro-jable-celebra-la-xix-edicion-del-festival-los-mantequillas-2025-en-la-plaza-de-la-ermita-de-san-miguel\/"},"modified":"2025-09-23T13:59:52","modified_gmt":"2025-09-23T12:59:52","slug":"morro-jable-celebra-la-xix-edicion-del-festival-los-mantequillas-2025-en-la-plaza-de-la-ermita-de-san-miguel","status":"publish","type":"post","link":"https:\/\/informacionlocal.es\/it\/morro-jable-celebra-la-xix-edicion-del-festival-los-mantequillas-2025-en-la-plaza-de-la-ermita-de-san-miguel\/","title":{"rendered":"Morro Jable celebra la XIX edici\u00f3n del Festival Los Mantequillas 2025 en la plaza de la Ermita de San Miguel"},"content":{"rendered":"<div class=\"entry-content\">\n<p><b><i>El evento tendr\u00e1 lugar este s\u00e1bado, 27 de septiembre, a las 20:00 horas, y contar\u00e1 con la participaci\u00f3n de diferentes agrupaciones folcl\u00f3ricas<\/i><\/b><\/p>\n<p><span>La Concejal\u00eda de Festejos del Ayuntamiento de P\u00e1jara y el grupo de Los Mantequillas celebran este s\u00e1bado, 27 de septiembre, a partir de las 20:00 horas, la XIX edici\u00f3n del Festival Los Mantequillas 2025, una cita que se ha consolidado como un referente de la m\u00fasica y la tradici\u00f3n popular del municipio.\u00a0<\/span><\/p>\n<p><span>El evento tendr\u00e1 lugar en la plaza de la Ermita de San Miguel, espacio que tradicionalmente acog\u00eda este encuentro y que, tras su reciente restauraci\u00f3n y su bautizo oficial como plaza de Los Mantequillas, vuelve a convertirse en el escenario principal del festival.\u00a0<\/span><\/p>\n<p><span>El concejal de Festejos, Juan Jos\u00e9 Viera, destaca la importancia de este regreso a los or\u00edgenes. \u201cRecuperar la celebraci\u00f3n en la plaza de la ermita, que ahora lleva con orgullo el nombre del grupo, supone un homenaje tanto a la tradici\u00f3n como a todas las personas que, generaci\u00f3n tras generaci\u00f3n, han mantenido vivo nuestro folclore\u201d, subraya.\u00a0<\/span><\/p>\n<p><span>En esta edici\u00f3n, el festival contar\u00e1 no solo con la actuaci\u00f3n de los anfitriones, Los Mantequillas, sino tambi\u00e9n con la participaci\u00f3n de la\u00a0 Agrupaci\u00f3n Folkl\u00f3rica Ariferint, Parranda P\u00e1l Porr\u00f3n y\u00a0 A.F. Dunas de Corralejo.\u00a0<\/span><\/p>\n<p><span>El Ayuntamiento de P\u00e1jara invita a visitantes y residentes a disfrutar de un evento \u00fanico que refuerza el compromiso del municipio con la cultura, las tradiciones y la convivencia comunitaria.<\/span><\/p>\n<p><img fetchpriority=\"high\" decoding=\"async\" class=\"alignnone size-medium wp-image-21011\" src=\"https:\/\/informacionlocal.es\/wp-content\/uploads\/2025\/09\/festival-los-mantequillas-212x300-1.jpeg\" width=\"212\" height=\"300\" title=\"festival-los-mantequillas-212x300-1\"><\/p>\n<\/div>\n","protected":false},"excerpt":{"rendered":"<p><i>El evento tendr\u00e1 lugar este s\u00e1bado, 27 de septiembre, a las 20:00 horas, y contar\u00e1 con la participaci\u00f3n de diferentes agrupaciones folcl\u00f3ricas<\/i><\/p>\n","protected":false},"author":1,"featured_media":11169,"comment_status":"open","ping_status":"open","sticky":false,"template":"","format":"standard","meta":{"inline_featured_image":false,"jnews-multi-image_gallery":[],"jnews_single_post":[],"jnews_primary_category":[],"jnews_social_meta":[],"jnews_override_counter":[],"jnews_post_split":[],"footnotes":""},"categories":[63],"tags":[],"class_list":["post-11167","post","type-post","status-publish","format-standard","has-post-thumbnail","hentry","category-pajara"],"jetpack_featured_media_url":"https:\/\/informacionlocal.es\/wp-content\/uploads\/2025\/09\/festival-los-mantequillas.png","_links":{"self":[{"href":"https:\/\/informacionlocal.es\/it\/wp-json\/wp\/v2\/posts\/11167","targetHints":{"allow":["GET"]}}],"collection":[{"href":"https:\/\/informacionlocal.es\/it\/wp-json\/wp\/v2\/posts"}],"about":[{"href":"https:\/\/informacionlocal.es\/it\/wp-json\/wp\/v2\/types\/post"}],"author":[{"embeddable":true,"href":"https:\/\/informacionlocal.es\/it\/wp-json\/wp\/v2\/users\/1"}],"replies":[{"embeddable":true,"href":"https:\/\/informacionlocal.es\/it\/wp-json\/wp\/v2\/comments?post=11167"}],"version-history":[{"count":0,"href":"https:\/\/informacionlocal.es\/it\/wp-json\/wp\/v2\/posts\/11167\/revisions"}],"wp:featuredmedia":[{"embeddable":true,"href":"https:\/\/informacionlocal.es\/it\/wp-json\/wp\/v2\/media\/11169"}],"wp:attachment":[{"href":"https:\/\/informacionlocal.es\/it\/wp-json\/wp\/v2\/media?parent=11167"}],"wp:term":[{"taxonomy":"category","embeddable":true,"href":"https:\/\/informacionlocal.es\/it\/wp-json\/wp\/v2\/categories?post=11167"},{"taxonomy":"post_tag","embeddable":true,"href":"https:\/\/informacionlocal.es\/it\/wp-json\/wp\/v2\/tags?post=11167"}],"curies":[{"name":"wp","href":"https:\/\/api.w.org\/{rel}","templated":true}]}}