{"id":11155,"date":"2025-09-23T02:01:58","date_gmt":"2025-09-23T01:01:58","guid":{"rendered":"https:\/\/informacionlocal.es\/arrancan-las-fiestas-de-la-pena-2025-con-un-recorrido-historico-a-cargo-de-inma-de-armas\/"},"modified":"2025-09-23T02:01:58","modified_gmt":"2025-09-23T01:01:58","slug":"arrancan-las-fiestas-de-la-pena-2025-con-un-recorrido-historico-a-cargo-de-inma-de-armas","status":"publish","type":"post","link":"https:\/\/informacionlocal.es\/it\/arrancan-las-fiestas-de-la-pena-2025-con-un-recorrido-historico-a-cargo-de-inma-de-armas\/","title":{"rendered":"Arrancan las Fiestas de La Pe\u00f1a 2025 con un recorrido hist\u00f3rico a cargo de Inma de Armas"},"content":{"rendered":"<div class=\"entry-content\"><strong>18 septiembre, 2025<\/strong><\/p>\n<p><strong><em>La historiadora resalt\u00f3 la resiliencia del pueblo majorero y la importancia de conservar su cultura y tradiciones<\/em><\/strong><\/p>\n<p>Las Fiestas en Honor a Nuestra Se\u00f1ora de La Pe\u00f1a 2025 dieron comienzo hoy, jueves 18 de septiembre, con el preg\u00f3n a cargo de la historiadora majorera Inma de Armas, una de las figuras m\u00e1s influyentes en el desarrollo cultural e hist\u00f3rico de Fuerteventura.<\/p>\n<p>La presidenta del Cabildo de Fuerteventura, Lola Garc\u00eda, expres\u00f3 la importancia de las Fiestas en Honor a Nuestra Se\u00f1ora de La Pe\u00f1a, \u201cuna cita muy especial para todas las personas que vivimos en Fuerteventura. Son d\u00edas en los que compartimos camino, tradici\u00f3n y devoci\u00f3n, y en los que sentimos, con m\u00e1s fuerza, el orgullo de formar parte de esta Isla\u201d.<\/p>\n<p>Asimismo, destac\u00f3 la figura de Inma de Armas \u201ccomo investigadora y autora de publicaciones que ha enriquecido nuestro presente y sembrado la semilla para que nuestra isla pueda caminar hacia el futuro sin olvidar de d\u00f3nde venimos\u201d.<\/p>\n<p>El alcalde de Betancuria, Enrique Cerde\u00f1a, ha destacado la emoci\u00f3n y alegr\u00eda que se vive en La Vega de R\u00edo Palmas al recibir a todas las personas que peregrinan desde todos los lugares de la Isla para encontrarse en la casa de la patrona, el santuario de la Virgen de La Pe\u00f1a. La fiesta se inicia con el preg\u00f3n, a cargo de una historiadora y persona destacada por su amplia trayectoria en el \u00e1mbito del trabajo cultural.<\/p>\n<p>En el acto estuvieron presentes, adem\u00e1s, el consejero de Cultura, Rayco Le\u00f3n, consejeros de grupo de gobierno y oposici\u00f3n del Cabildo, alcaldes y representantes municipales, diputados parlamentarios, as\u00ed como vecinos, vecinas, autoridades civiles, militares y eclesi\u00e1sticas.<\/p>\n<p>El acto del preg\u00f3n dio comienzo con un espect\u00e1culo musical a cargo de la productora Folk Canarias.<\/p>\n<p>Inma de Armas comparti\u00f3 un recorrido por la historia majorera, teniendo el agua como hilo conductor, recordado c\u00f3mo este recurso y su aprovechamiento han sido determinantes en la vida de los majoreros a lo largo de los siglos,\u00a0desde los tiempos abor\u00edgenes hasta la modernidad marcada por la llegada de la desalaci\u00f3n con la primera potabilizadora en 1970.<\/p>\n<p>Inma de Armas destac\u00f3 sistemas de aprovechamiento como las gavias, muy similares a los que ya utilizaban los pueblos bereberes, lo que ha llevado a lanzar distintas hip\u00f3tesis sobre el modo de vida aborigen.<\/p>\n<p>Entre 1406 y 1418, los normandos conviven con los naturales en la Isla y los nuevos berberiscos, \u201cun crisol de lenguas y culturas\u201d en el que surgen t\u00e9rminos provenientes de voces berberiscas como Fayagua, Amanay o Tababaire, para dar nombres a distintos lugares y fuentes distribuidas por la Isla.<\/p>\n<p>Con la llegada de los castellanos, surge la exportaci\u00f3n del grano como base econ\u00f3mica. En ese momento, el paisaje empieza a configurarse por gavias, vegas, maretas y pozos provistos de norias. Asimismo, hizo referencia a los aljibes, dise\u00f1ados para aguantar largos periodos de sequ\u00eda, \u201ccomo los aljibes de Ch\u00f3 Julia en Villaverde o los recientemente restaurados El Veneno y Redondo en el municipio de La Oliva\u201d.<\/p>\n<p>Asimismo, la historiadora hizo referencia al uso de la destiladera como depuraci\u00f3n dom\u00e9stica, los periodos de sequ\u00eda que se alargaban durante a\u00f1os y a la figura de los \u201cvaristas\u201d, que localizaban dep\u00f3sitos o corrientes de agua mediante las vibraciones de una vara de granadero<\/p>\n<p>Una serie de elementos sucedidos en el tiempo que, seg\u00fan De Armas, ha hecho que \u201ccontemos con siglos de consciencia y experiencia para que no se desperdicie ni una gota, y\u00a0para hacer respetar la cultura del agua como hecho intr\u00ednsecamente ligado a nuestras vidas\u201d, se\u00f1al\u00f3 la historiadora, quien concluy\u00f3 felicitando a la Vega de R\u00edo Palmas porque es un pueblo \u201cque acoge a\u00f1o tras a\u00f1o la fiesta que une a toda la isla\u201d.<\/p>\n<p><strong>Inma de Armas<\/strong><\/p>\n<p>Inma de Armas es una historiadora majorera que desde los a\u00f1os ochenta ha desempe\u00f1ado un papel clave en la catalogaci\u00f3n del Archivo Hist\u00f3rico Insular y la coordinaci\u00f3n de la Universidad Popular de Fuerteventura, sentando bases s\u00f3lidas para la preservaci\u00f3n y difusi\u00f3n del conocimiento en la isla.\u00a0<\/p>\n<p>Fue responsable del Servicio de Cultura del Cabildo durante m\u00e1s de dos d\u00e9cadas, impulsando proyectos esenciales como la apertura de la Casa Museo Miguel de Unamuno y numerosas iniciativas editoriales e investigadoras. Su labor ha estado siempre vinculada a la puesta en valor de la memoria colectiva y al fortalecimiento de la identidad majorera.<\/p>\n<\/div>\n","protected":false},"excerpt":{"rendered":"<p>18 septiembre, 2025 La historiadora resalt\u00f3 la resiliencia del pueblo majorero y la importancia de conservar su cultura y tradiciones Las Fiestas en Honor a Nuestra Se\u00f1ora de La Pe\u00f1a [&hellip;]<\/p>\n","protected":false},"author":1,"featured_media":11157,"comment_status":"open","ping_status":"open","sticky":false,"template":"","format":"standard","meta":{"inline_featured_image":false,"jnews-multi-image_gallery":[],"jnews_single_post":[],"jnews_primary_category":[],"jnews_social_meta":[],"jnews_override_counter":[],"jnews_post_split":[],"footnotes":""},"categories":[58],"tags":[82],"class_list":["post-11155","post","type-post","status-publish","format-standard","has-post-thumbnail","hentry","category-cabildo","tag-fuerteventura"],"jetpack_featured_media_url":"https:\/\/informacionlocal.es\/wp-content\/uploads\/2025\/09\/1758525199-e976de9424bd0335bbb075b1ab5fa993.jpg","_links":{"self":[{"href":"https:\/\/informacionlocal.es\/it\/wp-json\/wp\/v2\/posts\/11155","targetHints":{"allow":["GET"]}}],"collection":[{"href":"https:\/\/informacionlocal.es\/it\/wp-json\/wp\/v2\/posts"}],"about":[{"href":"https:\/\/informacionlocal.es\/it\/wp-json\/wp\/v2\/types\/post"}],"author":[{"embeddable":true,"href":"https:\/\/informacionlocal.es\/it\/wp-json\/wp\/v2\/users\/1"}],"replies":[{"embeddable":true,"href":"https:\/\/informacionlocal.es\/it\/wp-json\/wp\/v2\/comments?post=11155"}],"version-history":[{"count":0,"href":"https:\/\/informacionlocal.es\/it\/wp-json\/wp\/v2\/posts\/11155\/revisions"}],"wp:featuredmedia":[{"embeddable":true,"href":"https:\/\/informacionlocal.es\/it\/wp-json\/wp\/v2\/media\/11157"}],"wp:attachment":[{"href":"https:\/\/informacionlocal.es\/it\/wp-json\/wp\/v2\/media?parent=11155"}],"wp:term":[{"taxonomy":"category","embeddable":true,"href":"https:\/\/informacionlocal.es\/it\/wp-json\/wp\/v2\/categories?post=11155"},{"taxonomy":"post_tag","embeddable":true,"href":"https:\/\/informacionlocal.es\/it\/wp-json\/wp\/v2\/tags?post=11155"}],"curies":[{"name":"wp","href":"https:\/\/api.w.org\/{rel}","templated":true}]}}