{"id":1114,"date":"2025-04-10T21:45:26","date_gmt":"2025-04-10T21:45:26","guid":{"rendered":"https:\/\/informacionlocal.es\/tuineje-conquista-i-premi-tabefe\/"},"modified":"2025-04-14T10:15:27","modified_gmt":"2025-04-14T10:15:27","slug":"tuineje-conquista-i-premi-tabefe","status":"publish","type":"post","link":"https:\/\/informacionlocal.es\/it\/tuineje-conquista-i-premi-tabefe\/","title":{"rendered":"Tuineje conquista i premi Tabefe"},"content":{"rendered":"<div class=\"article-content-inner\">\n<h2 class=\"wp-block-heading\">Il miglior formaggio delle Isole Canarie \u00e8 prodotto nel comune.<\/h2>\n<p>Il Comune di Tuineje si congratula con i produttori locali vincitori del <strong>XXI Concorso Nazionale di Formaggi di Latte di Capra &#8211; Premi Tabefe<\/strong>, svoltosi nell&#8217;ambito di <strong>FEAGA 2025<\/strong>. Tuineje \u00e8 stata una delle grandi protagoniste di questa edizione, con un numero significativo di premi che riconoscono l&#8217;eccellenza e la tradizione casearia del comune. <\/p>\n<p><strong>Julian D\u00edaz<\/strong>, casaro di <strong>Tiscamanita<\/strong>, ha trionfato nella competizione, vincendo tre importanti premi:<\/p>\n<ul class=\"wp-block-list\">\n<li><strong>I migliori formaggi delle Isole Canarie<\/strong><\/li>\n<li><strong>Primo premio nella categoria dei prodotti stagionati<\/strong> e <strong>pastorizzati<\/strong>.<\/li>\n<li><strong>Primo premio nella categoria semistagionati pastorizzati<\/strong>.<\/li>\n<\/ul>\n<h2 class=\"wp-block-heading\">Un risultato che la posiziona come uno dei principali produttori di formaggio dell&#8217;arcipelago.<\/h2>\n<p>Degni di nota sono anche i premi vinti dal <strong>Gruppo di Allevatori di Fuerteventura<\/strong>, che si \u00e8 aggiudicato <strong>due secondi posti<\/strong> per i suoi prodotti a marchio <strong>El Tofio<\/strong> e <strong>Maxorata<\/strong>, riaffermando la qualit\u00e0 e il prestigio di questi formaggi emblematici.<\/p>\n<p><strong>Julian P\u00e9rez<\/strong>, di <strong>Tequital<\/strong>, con il suo marchio <strong>Quesos Rosa La Madera<\/strong>, si \u00e8 aggiudicato il <strong>secondo posto nella categoria dei formaggi stagionati a latte crudo<\/strong>, completando cos\u00ec un impressionante elenco di vincitori per il comune.<\/p>\n<p>&#8220;Questi riconoscimenti non riflettono solo la qualit\u00e0 del prodotto finale, ma anche il duro lavoro, la dedizione e la passione che si nascondono in ogni formaggio prodotto a Tuineje. Siamo profondamente orgogliosi dei nostri agricoltori e casari&#8221;, ha dichiarato <strong>Jonathan Pe\u00f1a<\/strong>, assessore al Settore primario del Comune di Tuineje.<\/p>\n<p>Da parte sua, la sindaca <strong>Candelaria Umpi\u00e9rrez<\/strong> ha sottolineato che &#8220;questo riconoscimento conferma che Tuineje \u00e8 una terra di sapori, impegno e tradizione. I nostri produttori portano in alto il nome del Comune e il Comune continuer\u00e0 a sostenere il settore primario come base della nostra identit\u00e0 e del nostro sviluppo economico&#8221;.<\/p>\n<p>Il Comune di Tuineje si congratula con tutti i premiati e ribadisce il suo impegno nella promozione e nel sostegno dei settori produttivi del comune. Oggi pi\u00f9 che mai possiamo dire con orgoglio che <strong>il miglior formaggio delle Canarie \u00e8 quello di Tuineje<\/strong>. <\/p>\n<\/div>\n","protected":false},"excerpt":{"rendered":"<p>Il miglior formaggio delle Isole Canarie \u00e8 prodotto nel comune. Il Comune di Tuineje si congratula con i produttori locali vincitori del XXI Concorso Nazionale di Formaggi di Latte di [&hellip;]<\/p>\n","protected":false},"author":1,"featured_media":715,"comment_status":"open","ping_status":"open","sticky":false,"template":"","format":"standard","meta":{"inline_featured_image":false,"jnews-multi-image_gallery":[],"jnews_single_post":[],"jnews_primary_category":[],"jnews_social_meta":[],"jnews_override_counter":[],"jnews_post_split":[],"footnotes":""},"categories":[301],"tags":[202,224,238,223],"class_list":["post-1114","post","type-post","status-publish","format-standard","has-post-thumbnail","hentry","category-tuineje-it","tag-comuni","tag-cultura-e-tempo-libero","tag-eventi","tag-fuerteventura-it"],"jetpack_featured_media_url":"https:\/\/informacionlocal.es\/wp-content\/uploads\/2025\/04\/img_0128-scaled-1.jpg","_links":{"self":[{"href":"https:\/\/informacionlocal.es\/it\/wp-json\/wp\/v2\/posts\/1114","targetHints":{"allow":["GET"]}}],"collection":[{"href":"https:\/\/informacionlocal.es\/it\/wp-json\/wp\/v2\/posts"}],"about":[{"href":"https:\/\/informacionlocal.es\/it\/wp-json\/wp\/v2\/types\/post"}],"author":[{"embeddable":true,"href":"https:\/\/informacionlocal.es\/it\/wp-json\/wp\/v2\/users\/1"}],"replies":[{"embeddable":true,"href":"https:\/\/informacionlocal.es\/it\/wp-json\/wp\/v2\/comments?post=1114"}],"version-history":[{"count":1,"href":"https:\/\/informacionlocal.es\/it\/wp-json\/wp\/v2\/posts\/1114\/revisions"}],"predecessor-version":[{"id":1764,"href":"https:\/\/informacionlocal.es\/it\/wp-json\/wp\/v2\/posts\/1114\/revisions\/1764"}],"wp:featuredmedia":[{"embeddable":true,"href":"https:\/\/informacionlocal.es\/it\/wp-json\/wp\/v2\/media\/715"}],"wp:attachment":[{"href":"https:\/\/informacionlocal.es\/it\/wp-json\/wp\/v2\/media?parent=1114"}],"wp:term":[{"taxonomy":"category","embeddable":true,"href":"https:\/\/informacionlocal.es\/it\/wp-json\/wp\/v2\/categories?post=1114"},{"taxonomy":"post_tag","embeddable":true,"href":"https:\/\/informacionlocal.es\/it\/wp-json\/wp\/v2\/tags?post=1114"}],"curies":[{"name":"wp","href":"https:\/\/api.w.org\/{rel}","templated":true}]}}