{"id":11113,"date":"2025-09-22T21:04:47","date_gmt":"2025-09-22T20:04:47","guid":{"rendered":"https:\/\/informacionlocal.es\/puerto-del-rosario-dio-la-bienvenida-a-las-fiestas-del-rosario-2025-con-un-emotivo-pregon-del-colectivo-meracas\/"},"modified":"2025-09-22T21:04:47","modified_gmt":"2025-09-22T20:04:47","slug":"puerto-del-rosario-dio-la-bienvenida-a-las-fiestas-del-rosario-2025-con-un-emotivo-pregon-del-colectivo-meracas","status":"publish","type":"post","link":"https:\/\/informacionlocal.es\/it\/puerto-del-rosario-dio-la-bienvenida-a-las-fiestas-del-rosario-2025-con-un-emotivo-pregon-del-colectivo-meracas\/","title":{"rendered":"Puerto del Rosario dio la bienvenida a las Fiestas del Rosario 2025 con un emotivo preg\u00f3n del Colectivo MERACAS"},"content":{"rendered":"<div class=\"entry-content\">\n<ul>\n<li><span><strong>El recuerdo al Memorial Ram\u00f3n Casta\u00f1eyra y a los or\u00edgenes de las 24 Horas de Baloncesto marcaron el inicio oficial de las celebraciones.<\/strong><strong>\u00a0<\/strong><\/span><\/li>\n<\/ul>\n<p><span><strong>En Puerto del Rosario, a 22 de septiembre de 2025.-<\/strong> La capital majorera dio este domingo el pistoletazo de salida a las Fiestas en Honor a Nuestra Se\u00f1ora del Rosario 2025 con un preg\u00f3n cargado de emoci\u00f3n y memoria, a cargo del Colectivo MERACAS. La velada reuni\u00f3 a vecinos y vecinas en la Plaza de la Iglesia, donde se rindi\u00f3 homenaje a los or\u00edgenes de las hist\u00f3ricas 24 Horas de Baloncesto, una cita nacida en 1983 con la renovaci\u00f3n de la cancha del Club Oasis y convertida, un a\u00f1o despu\u00e9s, en el Memorial Ram\u00f3n Casta\u00f1eyra.<\/span><\/p>\n<p><span>Durante el preg\u00f3n, se recordaron momentos clave de aquella sociedad joven y entusiasta que dio vida a esta tradici\u00f3n deportiva y festiva, con la participaci\u00f3n de Guaxara Casta\u00f1eyra, Belinda de Le\u00f3n, el cronista oficial de la isla, Tero Brito, y Janey Casta\u00f1eyra, quienes pusieron voz a an\u00e9cdotas y recuerdos vinculados al Club Oasis, al ambiente de las grandes verbenas de los primeros a\u00f1os y al legado de figuras como Ram\u00f3n Casta\u00f1eyra o Andr\u00e9s Valer\u00f3n.<\/span><\/p>\n<div class=\"wp-video\"><video class=\"wp-video-shortcode\" id=\"video-157083-1\" width=\"1080\" height=\"608\" preload=\"metadata\" controls=\"controls\"><source type=\"video\/mp4\" src=\"https:\/\/www.puertodelrosario.org\/wp-content\/uploads\/WhatsApp-Video-2025-09-21-at-22.43.58.mp4?_=1\" \/><\/video><\/div>\n<p><span>El alcalde de Puerto del Rosario, David de Vera, destac\u00f3 que \u201cun a\u00f1o m\u00e1s damos el pistoletazo de salida a las Fiestas de Nuestra Se\u00f1ora del Rosario, con un programa que hemos querido dise\u00f1ar de manera participativa, contando con colectivos, asociaciones culturales, clubes deportivos y entidades del municipio. No podemos dejar de agradecer al Colectivo MERACAS su implicaci\u00f3n y su papel en mantener vivo el esp\u00edritu del Memorial Ram\u00f3n Casta\u00f1eyra y de las 24 Horas de Baloncesto, un referente en la actividad deportiva de Puerto del Rosario\u201d.<\/span><\/p>\n<p><span>Por su parte, la concejala de Festejos, Tacoremi Guti\u00e9rrez, se mostr\u00f3 agradecida por la acogida del preg\u00f3n y asegur\u00f3 que \u201cempezamos las fiestas con much\u00edsima ilusi\u00f3n. Quiero felicitar al grupo MERACAS por haber sido los pregoneros de este a\u00f1o y, sobre todo, agradecer el esfuerzo de todos los trabajadores y trabajadoras del Ayuntamiento que han hecho posible este inicio. Les deseamos a todos los vecinos y vecinas unas felices fiestas, para vivirlas con alegr\u00eda y en comunidad\u201d.<\/span><\/p>\n<p><span>La noche tambi\u00e9n estuvo acompa\u00f1ada de la tradicional salida de los papag\u00fcevos, que llenaron de colorido y m\u00fasica el preg\u00f3n de unas fiestas que, hasta el 11 de octubre, ofrecer\u00e1n un extenso programa de actos culturales, deportivos, religiosos y de ocio para todos los p\u00fablicos.<\/span><\/p>\n<div id=\"gallery-1\" class=\"gallery galleryid-157083 gallery-columns-3 gallery-size-full\">\n<dl class=\"gallery-item\">\n<dt class=\"gallery-icon landscape\"><img loading=\"lazy\" decoding=\"async\" width=\"2560\" height=\"1707\" src=\"https:\/\/informacionlocal.es\/wp-content\/uploads\/2025\/09\/018-scaled-1.jpg\" class=\"attachment-full size-full\" loading=\"lazy\" title=\"018-scaled-1\"><\/dt>\n<\/dl>\n<dl class=\"gallery-item\">\n<dt class=\"gallery-icon landscape\"><img loading=\"lazy\" decoding=\"async\" width=\"2560\" height=\"1707\" src=\"https:\/\/informacionlocal.es\/wp-content\/uploads\/2025\/09\/015-scaled-1.jpg\" class=\"attachment-full size-full\" loading=\"lazy\" title=\"015-scaled-1\"><\/dt>\n<\/dl>\n<dl class=\"gallery-item\">\n<dt class=\"gallery-icon landscape\"><img loading=\"lazy\" decoding=\"async\" width=\"2560\" height=\"1707\" src=\"https:\/\/informacionlocal.es\/wp-content\/uploads\/2025\/09\/008-2-scaled-1.jpg\" class=\"attachment-full size-full\" loading=\"lazy\" title=\"008-2-scaled-1\"><\/dt>\n<\/dl>\n<p><\/p>\n<dl class=\"gallery-item\">\n<dt class=\"gallery-icon landscape\"><img loading=\"lazy\" decoding=\"async\" width=\"2560\" height=\"1707\" src=\"https:\/\/informacionlocal.es\/wp-content\/uploads\/2025\/09\/001-scaled-1.jpg\" class=\"attachment-full size-full\" loading=\"lazy\" title=\"001-scaled-1\"><\/dt>\n<\/dl>\n<dl class=\"gallery-item\">\n<dt class=\"gallery-icon landscape\"><img loading=\"lazy\" decoding=\"async\" width=\"2560\" height=\"1707\" src=\"https:\/\/informacionlocal.es\/wp-content\/uploads\/2025\/09\/004-scaled-1.jpg\" class=\"attachment-full size-full\" loading=\"lazy\" title=\"004-scaled-1\"><\/dt>\n<\/dl>\n<dl class=\"gallery-item\">\n<dt class=\"gallery-icon landscape\"><img loading=\"lazy\" decoding=\"async\" width=\"2560\" height=\"1707\" src=\"https:\/\/informacionlocal.es\/wp-content\/uploads\/2025\/09\/002-scaled-1.jpg\" class=\"attachment-full size-full\" loading=\"lazy\" title=\"002-scaled-1\"><\/dt>\n<\/dl>\n<p><\/div>\n<\/div>\n","protected":false},"excerpt":{"rendered":"<p>El recuerdo al Memorial Ram\u00f3n Casta\u00f1eyra y a los or\u00edgenes de las 24 Horas de Baloncesto marcaron el inicio oficial de las celebraciones.\u00a0 En Puerto del Rosario, a 22 de [&hellip;]<\/p>\n","protected":false},"author":1,"featured_media":11115,"comment_status":"open","ping_status":"open","sticky":false,"template":"","format":"standard","meta":{"inline_featured_image":false,"jnews-multi-image_gallery":[],"jnews_single_post":[],"jnews_primary_category":[],"jnews_social_meta":[],"jnews_override_counter":[],"jnews_post_split":[],"footnotes":""},"categories":[61],"tags":[],"class_list":["post-11113","post","type-post","status-publish","format-standard","has-post-thumbnail","hentry","category-puerto-del-rosario"],"jetpack_featured_media_url":"https:\/\/informacionlocal.es\/wp-content\/uploads\/2025\/09\/pregon.png","_links":{"self":[{"href":"https:\/\/informacionlocal.es\/it\/wp-json\/wp\/v2\/posts\/11113","targetHints":{"allow":["GET"]}}],"collection":[{"href":"https:\/\/informacionlocal.es\/it\/wp-json\/wp\/v2\/posts"}],"about":[{"href":"https:\/\/informacionlocal.es\/it\/wp-json\/wp\/v2\/types\/post"}],"author":[{"embeddable":true,"href":"https:\/\/informacionlocal.es\/it\/wp-json\/wp\/v2\/users\/1"}],"replies":[{"embeddable":true,"href":"https:\/\/informacionlocal.es\/it\/wp-json\/wp\/v2\/comments?post=11113"}],"version-history":[{"count":0,"href":"https:\/\/informacionlocal.es\/it\/wp-json\/wp\/v2\/posts\/11113\/revisions"}],"wp:featuredmedia":[{"embeddable":true,"href":"https:\/\/informacionlocal.es\/it\/wp-json\/wp\/v2\/media\/11115"}],"wp:attachment":[{"href":"https:\/\/informacionlocal.es\/it\/wp-json\/wp\/v2\/media?parent=11113"}],"wp:term":[{"taxonomy":"category","embeddable":true,"href":"https:\/\/informacionlocal.es\/it\/wp-json\/wp\/v2\/categories?post=11113"},{"taxonomy":"post_tag","embeddable":true,"href":"https:\/\/informacionlocal.es\/it\/wp-json\/wp\/v2\/tags?post=11113"}],"curies":[{"name":"wp","href":"https:\/\/api.w.org\/{rel}","templated":true}]}}