{"id":11085,"date":"2025-09-22T14:59:00","date_gmt":"2025-09-22T13:59:00","guid":{"rendered":"https:\/\/informacionlocal.es\/antigua-conmemora-el-dia-del-alzheimer-respaldando-las-asociaciones-especializadas\/"},"modified":"2025-09-22T14:59:00","modified_gmt":"2025-09-22T13:59:00","slug":"antigua-conmemora-el-dia-del-alzheimer-respaldando-las-asociaciones-especializadas","status":"publish","type":"post","link":"https:\/\/informacionlocal.es\/it\/antigua-conmemora-el-dia-del-alzheimer-respaldando-las-asociaciones-especializadas\/","title":{"rendered":"Antigua conmemora el D\u00eda del Alzheimer respaldando las asociaciones especializadas"},"content":{"rendered":"<div class=\"elementor-widget-container\">\n<p><strong>Antigua conmemora el D\u00eda del Alzheimer respaldando las asociaciones especializadas<\/strong><\/p>\n<p><strong>Antigua aprueba una subvenci\u00f3n nominada de 53.000 euros a Affa<\/strong><\/p>\n<p><strong>\u2022 Antigua respalda econ\u00f3micamente las asociaciones que directamente trabajan con familias y personas con afecciones ps\u00edquicas o neuronales como Affa, Asomasamen, Adisfuer y Funteac.<\/strong><\/p>\n<p>Este domingo 21 de septiembre se conmemora el D\u00eda Mundial de Alzheimer y en Antigua nos sumamos destacando la labor de las familias y cuidadores y respaldando en lo posible a las personas afectadas, afirma el alcalde Mat\u00edas Pe\u00f1a, se\u00f1alando que con este fin el ayuntamiento adopta desde Servicios Sociales dos medidas necesarias.<\/p>\n<p>La primera, se\u00f1ala Pe\u00f1a Garc\u00eda, ingresar desde el minuto cero el 100 % de la subvenci\u00f3n a cada una de las asociaciones especializadas y en segundo lugar hemos aprobado una subvenci\u00f3n nominada de 53.000 euros destinada a facilitar la labor diaria que desarrolla en el Municipio, la Asociaci\u00f3n de Familias de personas con Alzheimer, Affa.<\/p>\n<p>A esta subvenci\u00f3n nominada de 53.000 euros para Affa, a\u00f1ade la concejala de Servicios Sociales, Am\u00e9rica Soto Betancor, se suma tambi\u00e9n la designada por 20.000 euros a las Asociaci\u00f3n Majorera por la Salud Mental, Asomasamen, adem\u00e1s de las subvenciones destinadas a la Fundaci\u00f3n canaria de apoyo a personas con trastornos del Neurodesarrollo, Funteac, o sobre diferentes discapacidades, Adisfuer, entre otras.<\/p>\n<p>El Alzheimer es una enfermedad neuronal degenerativa dur\u00edsima para quien la padece como para todos sus familiares y personas cercanas, afirma Soto Betancor, la mejor forma de apoyarles, por supuesto, econ\u00f3micamente desde las administraciones, y con empat\u00eda y el mayor de los respetos desde el \u00e1mbito personal. Entre todos y todas podemos hacer una sociedad mejor, en mejor convivencia y condiciones de vida para nosotros mismos y nuestros vecinos, concluye la concejala.<\/p>\n<\/div>\n","protected":false},"excerpt":{"rendered":"<p><strong>Antigua conmemora el D\u00eda del Alzheimer respaldando las asociaciones especializadas<\/strong><\/p>\n","protected":false},"author":1,"featured_media":11087,"comment_status":"open","ping_status":"open","sticky":false,"template":"","format":"standard","meta":{"inline_featured_image":false,"jnews-multi-image_gallery":[],"jnews_single_post":[],"jnews_primary_category":[],"jnews_social_meta":[],"jnews_override_counter":[],"jnews_post_split":[],"footnotes":""},"categories":[59],"tags":[],"class_list":["post-11085","post","type-post","status-publish","format-standard","has-post-thumbnail","hentry","category-antigua"],"jetpack_featured_media_url":"https:\/\/informacionlocal.es\/wp-content\/uploads\/2025\/09\/alcalde-y-concejala-con-representantes-de-affa-scaled-1.jpg","_links":{"self":[{"href":"https:\/\/informacionlocal.es\/it\/wp-json\/wp\/v2\/posts\/11085","targetHints":{"allow":["GET"]}}],"collection":[{"href":"https:\/\/informacionlocal.es\/it\/wp-json\/wp\/v2\/posts"}],"about":[{"href":"https:\/\/informacionlocal.es\/it\/wp-json\/wp\/v2\/types\/post"}],"author":[{"embeddable":true,"href":"https:\/\/informacionlocal.es\/it\/wp-json\/wp\/v2\/users\/1"}],"replies":[{"embeddable":true,"href":"https:\/\/informacionlocal.es\/it\/wp-json\/wp\/v2\/comments?post=11085"}],"version-history":[{"count":0,"href":"https:\/\/informacionlocal.es\/it\/wp-json\/wp\/v2\/posts\/11085\/revisions"}],"wp:featuredmedia":[{"embeddable":true,"href":"https:\/\/informacionlocal.es\/it\/wp-json\/wp\/v2\/media\/11087"}],"wp:attachment":[{"href":"https:\/\/informacionlocal.es\/it\/wp-json\/wp\/v2\/media?parent=11085"}],"wp:term":[{"taxonomy":"category","embeddable":true,"href":"https:\/\/informacionlocal.es\/it\/wp-json\/wp\/v2\/categories?post=11085"},{"taxonomy":"post_tag","embeddable":true,"href":"https:\/\/informacionlocal.es\/it\/wp-json\/wp\/v2\/tags?post=11085"}],"curies":[{"name":"wp","href":"https:\/\/api.w.org\/{rel}","templated":true}]}}