{"id":11067,"date":"2025-09-22T11:58:34","date_gmt":"2025-09-22T10:58:34","guid":{"rendered":"https:\/\/informacionlocal.es\/el-plan-de-empleo-el-cabildo-te-informa-2025-mejora-la-inclusion-social-de-personas-con-discapacidad\/"},"modified":"2025-09-22T11:58:34","modified_gmt":"2025-09-22T10:58:34","slug":"el-plan-de-empleo-el-cabildo-te-informa-2025-mejora-la-inclusion-social-de-personas-con-discapacidad","status":"publish","type":"post","link":"https:\/\/informacionlocal.es\/it\/el-plan-de-empleo-el-cabildo-te-informa-2025-mejora-la-inclusion-social-de-personas-con-discapacidad\/","title":{"rendered":"El plan de empleo \u2018El Cabildo te informa 2025\u2019 mejora la inclusi\u00f3n social de personas con discapacidad"},"content":{"rendered":"<div class=\"entry-content\"><strong>22 septiembre, 2025<\/strong><\/p>\n<p>El Cabildo de Fuerteventura fomenta la inclusi\u00f3n social de personas con discapacidad intelectual, f\u00edsica o del desarrollo, gracias al plan de empleo \u2018El Cabildo te informa 2025\u2019. Una iniciativa que ofrece una oportunidad laboral a nueve personas, al tiempo que se mejora la atenci\u00f3n en las OAC (oficinas de atenci\u00f3n al ciudadano) de la Corporaci\u00f3n insular.<\/p>\n<p>La consejera de Fomento del Empleo, Nuria Cabrera, explic\u00f3 que \u201cdesde el Cabildo queremos seguir impulsando planes de empleo que ofrezcan oportunidades reales a quienes m\u00e1s lo necesitan. Esta es nuestra l\u00ednea de trabajo desde la Consejer\u00eda, con proyectos que son innovadores y tambi\u00e9n en sectores clave de la Isla\u201d.<\/p>\n<p>\u2018El Cabildo Te Informa\u2019 alcanza los 292.428 euros de inversi\u00f3n, contando con nueve personas, entre ellas un t\u00e9cnico superior encargado de la coordinaci\u00f3n del proyecto, siete auxiliares de informaci\u00f3n con discapacidad reconocida y capacidad funcional y un empleado administrativo. Estos auxiliares desempe\u00f1an sus funciones en las oficinas de atenci\u00f3n al ciudadano de Puerto del Rosario, Gran Tarajal, Morro Jable y Corralejo, as\u00ed como en la Oficina de Extensi\u00f3n Agraria de Gran Tarajal.<\/p>\n<p>Entre sus labores se encuentra la atenci\u00f3n al p\u00fablico, la gesti\u00f3n documental, el archivo electr\u00f3nico, la transcripci\u00f3n de informes y el uso de herramientas inform\u00e1ticas. La iniciativa se desarrolla en coordinaci\u00f3n con el \u00e1rea de presidencia. La consejera responsable de las oficinas de atenci\u00f3n al ciudadano (OAC), Nereida Calero, resalta la importancia de acercar la administraci\u00f3n a la ciudadan\u00eda, mejorando la atenci\u00f3n y calidad en el servicio p\u00fablico, reduciendo tiempos de espera y simplificando tr\u00e1mites y gestiones a la ciudadan\u00eda.<\/p>\n<p><strong>Planes de empleo<\/strong><\/p>\n<p>La Consejer\u00eda de Fomento del Empleo tiene actualmente en marcha otros dos planes de empleo: \u2018El Cabildo Mejora tus Desplazamientos\u2019, dirigido a la mejora de infraestructuras de transporte de titularidad insular con 13 personas beneficiarias, y \u2018El Cabildo Act\u00faa\u2019 para la rehabilitaci\u00f3n de infraestructuras pertenecientes a centros educativos de la Isla, que ofrece un puesto de trabajo a 37 personas. Los tres planes de empleo alcanzan una inversi\u00f3n de 662.161,36 euros, y est\u00e1n cofinanciados entre el Cabildo de Fuerteventura y el Gobierno de Canarias, a trav\u00e9s de los recursos del Fondo de Desarrollo de Canarias (FDCAN).<\/p>\n<p>Asimismo, se encuentran en funcionamiento dos programas de formaci\u00f3n en alternancia con el empleo (PFAE) que ofrecen una oportunidad de empleo a otras 30 personas desempleadas inscritas en el Registro del Sistema Nacional de Garant\u00eda Juvenil, cofinanciados por el Servicio Canario de Empleo y al 85% por el Programa Fondo Social Europeo Plus 2021-2027 Canarias, as\u00ed como por el Cabildo de Fuerteventura y el Gobierno de Canarias, a trav\u00e9s de los recursos del Fondo de Desarrollo de Canarias (FDCAN).<\/p>\n<\/div>\n","protected":false},"excerpt":{"rendered":"<p>22 septiembre, 2025 El Cabildo de Fuerteventura fomenta la inclusi\u00f3n social de personas con discapacidad intelectual, f\u00edsica o del desarrollo, gracias al plan de empleo \u2018El Cabildo te informa 2025\u2019. [&hellip;]<\/p>\n","protected":false},"author":1,"featured_media":11069,"comment_status":"open","ping_status":"open","sticky":false,"template":"","format":"standard","meta":{"inline_featured_image":false,"jnews-multi-image_gallery":[],"jnews_single_post":[],"jnews_primary_category":[],"jnews_social_meta":[],"jnews_override_counter":[],"jnews_post_split":[],"footnotes":""},"categories":[58],"tags":[82,67],"class_list":["post-11067","post","type-post","status-publish","format-standard","has-post-thumbnail","hentry","category-cabildo","tag-fuerteventura","tag-tramites"],"jetpack_featured_media_url":"https:\/\/informacionlocal.es\/wp-content\/uploads\/2025\/09\/te-informa3.jpeg","_links":{"self":[{"href":"https:\/\/informacionlocal.es\/it\/wp-json\/wp\/v2\/posts\/11067","targetHints":{"allow":["GET"]}}],"collection":[{"href":"https:\/\/informacionlocal.es\/it\/wp-json\/wp\/v2\/posts"}],"about":[{"href":"https:\/\/informacionlocal.es\/it\/wp-json\/wp\/v2\/types\/post"}],"author":[{"embeddable":true,"href":"https:\/\/informacionlocal.es\/it\/wp-json\/wp\/v2\/users\/1"}],"replies":[{"embeddable":true,"href":"https:\/\/informacionlocal.es\/it\/wp-json\/wp\/v2\/comments?post=11067"}],"version-history":[{"count":0,"href":"https:\/\/informacionlocal.es\/it\/wp-json\/wp\/v2\/posts\/11067\/revisions"}],"wp:featuredmedia":[{"embeddable":true,"href":"https:\/\/informacionlocal.es\/it\/wp-json\/wp\/v2\/media\/11069"}],"wp:attachment":[{"href":"https:\/\/informacionlocal.es\/it\/wp-json\/wp\/v2\/media?parent=11067"}],"wp:term":[{"taxonomy":"category","embeddable":true,"href":"https:\/\/informacionlocal.es\/it\/wp-json\/wp\/v2\/categories?post=11067"},{"taxonomy":"post_tag","embeddable":true,"href":"https:\/\/informacionlocal.es\/it\/wp-json\/wp\/v2\/tags?post=11067"}],"curies":[{"name":"wp","href":"https:\/\/api.w.org\/{rel}","templated":true}]}}