{"id":11039,"date":"2025-09-20T04:01:45","date_gmt":"2025-09-20T03:01:45","guid":{"rendered":"https:\/\/informacionlocal.es\/la-hondura-contara-con-la-nueva-linea-3-satelite-del-transporte-urbano-a-partir-del-22-de-septiembre\/"},"modified":"2025-09-20T04:01:45","modified_gmt":"2025-09-20T03:01:45","slug":"la-hondura-contara-con-la-nueva-linea-3-satelite-del-transporte-urbano-a-partir-del-22-de-septiembre","status":"publish","type":"post","link":"https:\/\/informacionlocal.es\/it\/la-hondura-contara-con-la-nueva-linea-3-satelite-del-transporte-urbano-a-partir-del-22-de-septiembre\/","title":{"rendered":"La Hondura contar\u00e1 con la nueva L\u00ednea 3 Sat\u00e9lite del transporte urbano a partir del 22 de septiembre"},"content":{"rendered":"<div class=\"entry-content\">\n<ul>\n<li><span><strong>La ampliaci\u00f3n responde a una demanda vecinal e incorpora nuevas paradas en La Hondura y Risco Prieto.<\/strong><\/span><\/li>\n<\/ul>\n<p><span><strong>\u00a0<\/strong><\/span><span><strong>En Puerto del Rosario, a 19 de septiembre de 2025.-<\/strong> A partir del pr\u00f3ximo 22 de septiembre, el transporte urbano de Puerto del Rosario ampliar\u00e1 su cobertura con la entrada en funcionamiento de la nueva L\u00ednea 3 Sat\u00e9lite (L3-S). Esta extensi\u00f3n del servicio responde a una demanda hist\u00f3rica de los vecinos de La Hondura y supone una mejora significativa en la movilidad de la capital.<\/span><\/p>\n<p><span>La nueva l\u00ednea incorporar\u00e1 paradas en la Calle Candray (La Hondura) y en la Calle Cochinilla (Risco Prieto), dos zonas con un alto movimiento poblacional que hasta ahora no contaban con conexi\u00f3n directa al transporte p\u00fablico.<\/span><\/p>\n<p><span>El alcalde de Puerto del Rosario, David de Vera, destac\u00f3 que \u201ccon la puesta en marcha de la L\u00ednea 3 Sat\u00e9lite damos respuesta a una necesidad real de los vecinos de La Hondura y al Pol\u00edgono Industrial de Risco Prieto. Puerto del Rosario crece y, con \u00e9l, debe crecer tambi\u00e9n la red de transporte urbano. Nuestro compromiso es que ning\u00fan barrio quede atr\u00e1s en la conexi\u00f3n con el resto de la ciudad\u201d.<\/span><\/p>\n<p><img loading=\"lazy\" decoding=\"async\" loading=\"lazy\" class=\"wp-image-157066 size-large aligncenter\" src=\"https:\/\/informacionlocal.es\/wp-content\/uploads\/2025\/09\/nueva-linea-1024x518-1.png\" width=\"1024\" height=\"518\" title=\"nueva-linea-1024x518-1\"><\/p>\n<p><span>En la misma l\u00ednea, el concejal de Transportes, Luis Chac\u00f3n, se\u00f1al\u00f3 que \u201cesta ampliaci\u00f3n es fruto de un estudio t\u00e9cnico que confirm\u00f3 su viabilidad y necesidad. La L3-S refuerza el servicio, mejora frecuencias y facilita la vida diaria de cientos de personas. Queremos que moverse en guagua sea cada vez m\u00e1s c\u00f3modo, pr\u00e1ctico y accesible para todos\u201d.<\/span><\/p>\n<p><span>La ciudadan\u00eda puede consultar toda la informaci\u00f3n sobre horarios y recorridos en la Oficina del Ciudadano (calle Profesor Juan Tadeo 2, esquina con Ram\u00f3n Pe\u00f1ate n\u00ba1) o a trav\u00e9s n\u00famero de tel\u00e9fono 928121301.<\/span><\/p>\n<p><span>Con esta ampliaci\u00f3n, Puerto del Rosario avanza hacia un modelo de ciudad mejor conectada, donde el transporte urbano crece de la mano de las necesidades vecinales.<\/span><\/p>\n<\/div>\n","protected":false},"excerpt":{"rendered":"<p>La ampliaci\u00f3n responde a una demanda vecinal e incorpora nuevas paradas en La Hondura y Risco Prieto. \u00a0En Puerto del Rosario, a 19 de septiembre de 2025.- A partir del [&hellip;]<\/p>\n","protected":false},"author":1,"featured_media":11041,"comment_status":"open","ping_status":"open","sticky":false,"template":"","format":"standard","meta":{"inline_featured_image":false,"jnews-multi-image_gallery":[],"jnews_single_post":[],"jnews_primary_category":[],"jnews_social_meta":[],"jnews_override_counter":[],"jnews_post_split":[],"footnotes":""},"categories":[61],"tags":[75],"class_list":["post-11039","post","type-post","status-publish","format-standard","has-post-thumbnail","hentry","category-puerto-del-rosario","tag-transportes"],"jetpack_featured_media_url":"https:\/\/informacionlocal.es\/wp-content\/uploads\/2025\/09\/nueva-linea-1.png","_links":{"self":[{"href":"https:\/\/informacionlocal.es\/it\/wp-json\/wp\/v2\/posts\/11039","targetHints":{"allow":["GET"]}}],"collection":[{"href":"https:\/\/informacionlocal.es\/it\/wp-json\/wp\/v2\/posts"}],"about":[{"href":"https:\/\/informacionlocal.es\/it\/wp-json\/wp\/v2\/types\/post"}],"author":[{"embeddable":true,"href":"https:\/\/informacionlocal.es\/it\/wp-json\/wp\/v2\/users\/1"}],"replies":[{"embeddable":true,"href":"https:\/\/informacionlocal.es\/it\/wp-json\/wp\/v2\/comments?post=11039"}],"version-history":[{"count":0,"href":"https:\/\/informacionlocal.es\/it\/wp-json\/wp\/v2\/posts\/11039\/revisions"}],"wp:featuredmedia":[{"embeddable":true,"href":"https:\/\/informacionlocal.es\/it\/wp-json\/wp\/v2\/media\/11041"}],"wp:attachment":[{"href":"https:\/\/informacionlocal.es\/it\/wp-json\/wp\/v2\/media?parent=11039"}],"wp:term":[{"taxonomy":"category","embeddable":true,"href":"https:\/\/informacionlocal.es\/it\/wp-json\/wp\/v2\/categories?post=11039"},{"taxonomy":"post_tag","embeddable":true,"href":"https:\/\/informacionlocal.es\/it\/wp-json\/wp\/v2\/tags?post=11039"}],"curies":[{"name":"wp","href":"https:\/\/api.w.org\/{rel}","templated":true}]}}