{"id":11009,"date":"2025-09-18T21:58:39","date_gmt":"2025-09-18T20:58:39","guid":{"rendered":"https:\/\/informacionlocal.es\/la-escuela-de-musica-y-danza-de-pajara-inicia-el-curso-con-todas-sus-plazas-cubiertas\/"},"modified":"2025-09-18T21:58:39","modified_gmt":"2025-09-18T20:58:39","slug":"la-escuela-de-musica-y-danza-de-pajara-inicia-el-curso-con-todas-sus-plazas-cubiertas","status":"publish","type":"post","link":"https:\/\/informacionlocal.es\/it\/la-escuela-de-musica-y-danza-de-pajara-inicia-el-curso-con-todas-sus-plazas-cubiertas\/","title":{"rendered":"La Escuela de M\u00fasica y Danza de P\u00e1jara inicia el curso con todas sus plazas cubiertas"},"content":{"rendered":"<div class=\"entry-content\">\n<p><b><i>El Ayuntamiento reconoce el trabajo realizado por la Asociaci\u00f3n Banda Municipal de P\u00e1jara<\/i><\/b><\/p>\n<p><span>La Escuela de M\u00fasica y Danza de P\u00e1jara ha iniciado el curso escolar 2025\/2026 con todas sus plazas ocupadas, alcanzando m\u00e1s de 200 matr\u00edculas en las distintas especialidades ofertadas. Este dato refleja la consolidaci\u00f3n del centro como referente cultural y formativo en el municipio y en la isla de Fuerteventura.\u00a0<\/span><\/p>\n<p><span>El alumnado, distribuido en las \u00e1reas de m\u00fasica cl\u00e1sica, folclore y danza, ya ha comenzado sus actividades te\u00f3ricas y pr\u00e1cticas, dando inicio a un curso que estar\u00e1 marcado por el aprendizaje, la participaci\u00f3n y la difusi\u00f3n cultural.\u00a0<\/span><\/p>\n<p><span>La concejala de Cultura, \u00c1ngeles Acosta, destaca que \u201ceste centro es un espacio de encuentro intergeneracional donde conviven la tradici\u00f3n y la innovaci\u00f3n art\u00edstica\u201d. \u201cDesde el Ayuntamiento seguimos trabajando para garantizar una ense\u00f1anza de calidad y para que la m\u00fasica y la danza contin\u00faen acerc\u00e1ndose a todos los vecinos y vecinas del municipio\u201d, afirma.<\/span><\/p>\n<p><span>Entre las novedades de este nuevo curso, destaca la incorporaci\u00f3n de la especialidad de canto folclore, con la que se ampl\u00eda la oferta educativa y se fortalece la preservaci\u00f3n del patrimonio cultural canario.\u00a0<\/span><\/p>\n<p><span>\u201cEstamos muy satisfechos de la gran acogida que ha tenido la matr\u00edcula este a\u00f1o. Contar con todas las plazas cubiertas nos motiva a seguir trabajando para ofrecer una ense\u00f1anza de calidad que combine la t\u00e9cnica, la creatividad y el disfrute de la m\u00fasica y la danza\u201d, se\u00f1alan desde la direcci\u00f3n de la Escuela.<\/span><\/p>\n<p><span>Por su parte, el alcalde de P\u00e1jara, Alejandro Jorge, asegura que \u201cel verdadero \u00e9xito de la Escuela se debe al compromiso de su profesorado y de su equipo directivo, que trabajan con dedicaci\u00f3n para impulsar cada proyecto. Desde el Ayuntamiento mantendremos nuestro apoyo decidido, tal y como se ha hecho durante a\u00f1os\u201d.\u00a0<\/span><\/p>\n<p><span>La Escuela, gestionada por la Asociaci\u00f3n Banda Municipal de P\u00e1jara en colaboraci\u00f3n con el Ayuntamiento de P\u00e1jara, continuar\u00e1 desarrollando a lo largo del curso diversas actividades y audiciones abiertas al p\u00fablico, con el objetivo de visibilizar el trabajo realizado en las aulas y reforzar su papel como motor cultural del municipio. <\/span><\/p>\n<p><img fetchpriority=\"high\" decoding=\"async\" class=\"alignnone size-medium wp-image-21002\" src=\"https:\/\/informacionlocal.es\/wp-content\/uploads\/2025\/09\/musica-1-300x200-1.png\" width=\"300\" height=\"200\" title=\"musica-1-300x200-1\"><img decoding=\"async\" class=\"alignnone size-medium wp-image-21000\" src=\"https:\/\/informacionlocal.es\/wp-content\/uploads\/2025\/09\/danza-300x200-1.png\" width=\"300\" height=\"200\" title=\"danza-300x200-1\"><\/p>\n<p>\u00a0<\/p>\n<\/div>\n","protected":false},"excerpt":{"rendered":"<p><i>El Ayuntamiento reconoce el trabajo realizado por la Asociaci\u00f3n Banda Municipal de P\u00e1jara<\/i><\/p>\n","protected":false},"author":1,"featured_media":11011,"comment_status":"open","ping_status":"open","sticky":false,"template":"","format":"standard","meta":{"inline_featured_image":false,"jnews-multi-image_gallery":[],"jnews_single_post":[],"jnews_primary_category":[],"jnews_social_meta":[],"jnews_override_counter":[],"jnews_post_split":[],"footnotes":""},"categories":[63],"tags":[82],"class_list":["post-11009","post","type-post","status-publish","format-standard","has-post-thumbnail","hentry","category-pajara","tag-fuerteventura"],"jetpack_featured_media_url":"https:\/\/informacionlocal.es\/wp-content\/uploads\/2025\/09\/musica.png","_links":{"self":[{"href":"https:\/\/informacionlocal.es\/it\/wp-json\/wp\/v2\/posts\/11009","targetHints":{"allow":["GET"]}}],"collection":[{"href":"https:\/\/informacionlocal.es\/it\/wp-json\/wp\/v2\/posts"}],"about":[{"href":"https:\/\/informacionlocal.es\/it\/wp-json\/wp\/v2\/types\/post"}],"author":[{"embeddable":true,"href":"https:\/\/informacionlocal.es\/it\/wp-json\/wp\/v2\/users\/1"}],"replies":[{"embeddable":true,"href":"https:\/\/informacionlocal.es\/it\/wp-json\/wp\/v2\/comments?post=11009"}],"version-history":[{"count":0,"href":"https:\/\/informacionlocal.es\/it\/wp-json\/wp\/v2\/posts\/11009\/revisions"}],"wp:featuredmedia":[{"embeddable":true,"href":"https:\/\/informacionlocal.es\/it\/wp-json\/wp\/v2\/media\/11011"}],"wp:attachment":[{"href":"https:\/\/informacionlocal.es\/it\/wp-json\/wp\/v2\/media?parent=11009"}],"wp:term":[{"taxonomy":"category","embeddable":true,"href":"https:\/\/informacionlocal.es\/it\/wp-json\/wp\/v2\/categories?post=11009"},{"taxonomy":"post_tag","embeddable":true,"href":"https:\/\/informacionlocal.es\/it\/wp-json\/wp\/v2\/tags?post=11009"}],"curies":[{"name":"wp","href":"https:\/\/api.w.org\/{rel}","templated":true}]}}