{"id":11003,"date":"2025-09-18T20:00:11","date_gmt":"2025-09-18T19:00:11","guid":{"rendered":"https:\/\/informacionlocal.es\/el-ayuntamiento-habilita-proximamente-20-plazas-de-aparcamiento-en-caleta-de-fuste\/"},"modified":"2025-09-18T20:00:11","modified_gmt":"2025-09-18T19:00:11","slug":"el-ayuntamiento-habilita-proximamente-20-plazas-de-aparcamiento-en-caleta-de-fuste","status":"publish","type":"post","link":"https:\/\/informacionlocal.es\/it\/el-ayuntamiento-habilita-proximamente-20-plazas-de-aparcamiento-en-caleta-de-fuste\/","title":{"rendered":"El Ayuntamiento habilita pr\u00f3ximamente 20 plazas de aparcamiento en Caleta de Fuste"},"content":{"rendered":"<div class=\"elementor-widget-container\">\n<p><strong>El Ayuntamiento habilita pr\u00f3ximamente 20 plazas de aparcamiento en Caleta de Fuste<\/strong><\/p>\n<p><strong>\u2022 Mientras finaliza el proyecto definitivo de mejora de la zona, el Ayuntamiento de Antigua recupera y acondiciona un \u00e1rea abandonada en el centro de la localidad habilitando una veintena de plazas de estacionamiento. <\/strong><br \/><strong>\u2022 La intervenci\u00f3n temporal permite embellecer, aprovechar y dar seguridad a esta zona principal de Caleta de Fuste.<\/strong><br \/><strong>\u2022 Una intervenci\u00f3n de coste m\u00ednimo pero con un amplio beneficio p\u00fablico de provecho, embellecimiento y seguridad.<\/strong><\/p>\n<p>El Ayuntamiento de Antigua desde la Oficina T\u00e9cnica trabaja en la redacci\u00f3n y pr\u00f3xima licitaci\u00f3n de un proyecto de actuaci\u00f3n en una c\u00e9ntrica zona en Caleta de Fuste, en la que se prev\u00e9 la ejecuci\u00f3n de un aparcamiento subterr\u00e1neo y una zona verde de ocio y descanso, explica el alcalde, Mat\u00edas Pe\u00f1a Garc\u00eda.<\/p>\n<p>Mientras se finaliza este proyecto, a\u00f1ade el alcalde, el Ayuntamiento de Antigua desde la concejal\u00eda de Tr\u00e1fico inicia pr\u00f3ximamente las actuaciones puntuales de acondicionamiento de una parte de la zona de intervenci\u00f3n, habilitando una veintena de plazas de estacionamiento p\u00fablico.<\/p>\n<p>El alcalde ha visitado este emplazamiento junto con el concejal de Tr\u00e1fico, Samuel Torres, la concejala de Turismo, Kristina Rodewig y el Subinspector Jefe de la Polic\u00eda Local de Antigua, Domingo Fr\u00e1nquiz para coordinar y agilizar una peque\u00f1a y temporal actuaci\u00f3n que permite su provecho por los vecinos y vecinas, a la vez que embellece y aporta seguridad al espacio acondicionado para aparcar o estacionar el veh\u00edculo.<\/p>\n<p>La actuaci\u00f3n temporal de aprovechamiento de esta zona consistir\u00e1 en la retirada de la valla lim\u00edtrofe, limpieza del entorno, apertura de acceso con c\u00e1maras viales de seguridad y acondicionar y pintar el espacio determinando las plazas de aparcamiento p\u00fablico de uso general y las se\u00f1aladas para uso de personas con movilidad reducida.<\/p>\n<p>\u00a0<\/p>\n<\/div>\n","protected":false},"excerpt":{"rendered":"<p><strong>El Ayuntamiento habilita pr\u00f3ximamente 20 plazas de aparcamiento en Caleta de Fuste<\/strong><\/p>\n","protected":false},"author":1,"featured_media":11005,"comment_status":"open","ping_status":"open","sticky":false,"template":"","format":"standard","meta":{"inline_featured_image":false,"jnews-multi-image_gallery":[],"jnews_single_post":[],"jnews_primary_category":[],"jnews_social_meta":[],"jnews_override_counter":[],"jnews_post_split":[],"footnotes":""},"categories":[59],"tags":[],"class_list":["post-11003","post","type-post","status-publish","format-standard","has-post-thumbnail","hentry","category-antigua"],"jetpack_featured_media_url":"https:\/\/informacionlocal.es\/wp-content\/uploads\/2025\/09\/el-ayuntamiento-acondicinara-una-nueva-zona-de-aparcamiento-en-caleta-de-fuste-1-scaled-1.jpg","_links":{"self":[{"href":"https:\/\/informacionlocal.es\/it\/wp-json\/wp\/v2\/posts\/11003","targetHints":{"allow":["GET"]}}],"collection":[{"href":"https:\/\/informacionlocal.es\/it\/wp-json\/wp\/v2\/posts"}],"about":[{"href":"https:\/\/informacionlocal.es\/it\/wp-json\/wp\/v2\/types\/post"}],"author":[{"embeddable":true,"href":"https:\/\/informacionlocal.es\/it\/wp-json\/wp\/v2\/users\/1"}],"replies":[{"embeddable":true,"href":"https:\/\/informacionlocal.es\/it\/wp-json\/wp\/v2\/comments?post=11003"}],"version-history":[{"count":0,"href":"https:\/\/informacionlocal.es\/it\/wp-json\/wp\/v2\/posts\/11003\/revisions"}],"wp:featuredmedia":[{"embeddable":true,"href":"https:\/\/informacionlocal.es\/it\/wp-json\/wp\/v2\/media\/11005"}],"wp:attachment":[{"href":"https:\/\/informacionlocal.es\/it\/wp-json\/wp\/v2\/media?parent=11003"}],"wp:term":[{"taxonomy":"category","embeddable":true,"href":"https:\/\/informacionlocal.es\/it\/wp-json\/wp\/v2\/categories?post=11003"},{"taxonomy":"post_tag","embeddable":true,"href":"https:\/\/informacionlocal.es\/it\/wp-json\/wp\/v2\/tags?post=11003"}],"curies":[{"name":"wp","href":"https:\/\/api.w.org\/{rel}","templated":true}]}}