{"id":1097,"date":"2025-04-10T19:26:59","date_gmt":"2025-04-10T19:26:59","guid":{"rendered":"https:\/\/informacionlocal.es\/tarajalejo-ospitera-la-fiera-scolastica-per-la-salute-e-il-benessere\/"},"modified":"2025-04-14T10:15:32","modified_gmt":"2025-04-14T10:15:32","slug":"tarajalejo-ospitera-la-fiera-scolastica-per-la-salute-e-il-benessere","status":"publish","type":"post","link":"https:\/\/informacionlocal.es\/it\/tarajalejo-ospitera-la-fiera-scolastica-per-la-salute-e-il-benessere\/","title":{"rendered":"Tarajalejo ospiter\u00e0 la Fiera scolastica per la salute e il benessere"},"content":{"rendered":"<div class=\"article-content-inner\">\n<h2 class=\"wp-block-heading\">L&#8217;evento si terr\u00e0 gioved\u00ec prossimo con laboratori per scolari e famiglie.<\/h2>\n<p>Il prossimo gioved\u00ec 10 aprile si terr\u00e0 a Tarajalejo la <em>Feria Escolar Fuerteventura Centro-Sur<\/em>, una giornata dedicata alla salute, al benessere emotivo e alle abitudini di vita sane, con attivit\u00e0 rivolte sia ai bambini delle scuole che al pubblico in generale.<\/p>\n<p>Durante la mattinata, l&#8217;evento si concentrer\u00e0 sui bambini di et\u00e0 compresa tra i 7 e i 12 anni delle scuole del comune, che parteciperanno a pi\u00f9 di 25 laboratori sulla salute orale, la rianimazione cardiopolmonare, l&#8217;alimentazione, la mindfulness, lo sport, la salute mentale e molto altro. \u00c8 prevista anche una <em>corsa di solidariet\u00e0<\/em> con lo slogan &#8220;Passi che uniscono, cuori che aiutano&#8221;. <\/p>\n<p>Nel pomeriggio, dalle 16:00 alle 19:00, la fiera aprir\u00e0 le porte alle famiglie e al pubblico in generale, con una masterclass di yoga, attivit\u00e0 per famiglie, una gara di piatti sani e uno spettacolo musicale a sorpresa per chiudere la giornata.<\/p>\n<p>L&#8217;assessore all&#8217;Educazione, <strong>David Herrera<\/strong>, ha sottolineato l&#8217;importanza di questo evento: &#8220;Vogliamo che la comunit\u00e0 educativa e le famiglie vivano un&#8217;esperienza educativa, divertente e piena di valori positivi. Questa fiera dimostra che la salute si educa anche attraverso la convivenza e la partecipazione&#8221;.<\/p>\n<p>La sindaca di Tuineje, <strong>Candelaria Umpi\u00e9rrez<\/strong>, ha sottolineato la natura trasversale di questa iniziativa: &#8220;Al Comune continuiamo a sostenere le attivit\u00e0 che promuovono il benessere dei nostri cittadini. Questa fiera riflette il lavoro congiunto di scuole, associazioni, professionisti della salute e volontari&#8221;.<\/p>\n<p>La <em>Fiera scolastica di Fuerteventura Centro-Sur<\/em> si avvale della collaborazione della Direzione dei Servizi Sanitari dell&#8217;Area Sanitaria di Fuerteventura, della Croce Rossa, del Collegio Infermieristico di Las Palmas, di varie ONG, di club sportivi e di scuole della zona.<\/p>\n<\/div>\n","protected":false},"excerpt":{"rendered":"<p>L&#8217;evento si terr\u00e0 gioved\u00ec prossimo con laboratori per scolari e famiglie. Il prossimo gioved\u00ec 10 aprile si terr\u00e0 a Tarajalejo la Feria Escolar Fuerteventura Centro-Sur, una giornata dedicata alla salute, [&hellip;]<\/p>\n","protected":false},"author":1,"featured_media":700,"comment_status":"open","ping_status":"open","sticky":false,"template":"","format":"standard","meta":{"inline_featured_image":false,"jnews-multi-image_gallery":[],"jnews_single_post":[],"jnews_primary_category":[],"jnews_social_meta":[],"jnews_override_counter":[],"jnews_post_split":[],"footnotes":""},"categories":[301],"tags":[224,238,223,221,257],"class_list":["post-1097","post","type-post","status-publish","format-standard","has-post-thumbnail","hentry","category-tuineje-it","tag-cultura-e-tempo-libero","tag-eventi","tag-fuerteventura-it","tag-istruzione","tag-salute"],"jetpack_featured_media_url":"https:\/\/informacionlocal.es\/wp-content\/uploads\/2025\/04\/captura-de-pantalla-2025-04-07-a-las-15-48-15.png","_links":{"self":[{"href":"https:\/\/informacionlocal.es\/it\/wp-json\/wp\/v2\/posts\/1097","targetHints":{"allow":["GET"]}}],"collection":[{"href":"https:\/\/informacionlocal.es\/it\/wp-json\/wp\/v2\/posts"}],"about":[{"href":"https:\/\/informacionlocal.es\/it\/wp-json\/wp\/v2\/types\/post"}],"author":[{"embeddable":true,"href":"https:\/\/informacionlocal.es\/it\/wp-json\/wp\/v2\/users\/1"}],"replies":[{"embeddable":true,"href":"https:\/\/informacionlocal.es\/it\/wp-json\/wp\/v2\/comments?post=1097"}],"version-history":[{"count":1,"href":"https:\/\/informacionlocal.es\/it\/wp-json\/wp\/v2\/posts\/1097\/revisions"}],"predecessor-version":[{"id":1772,"href":"https:\/\/informacionlocal.es\/it\/wp-json\/wp\/v2\/posts\/1097\/revisions\/1772"}],"wp:featuredmedia":[{"embeddable":true,"href":"https:\/\/informacionlocal.es\/it\/wp-json\/wp\/v2\/media\/700"}],"wp:attachment":[{"href":"https:\/\/informacionlocal.es\/it\/wp-json\/wp\/v2\/media?parent=1097"}],"wp:term":[{"taxonomy":"category","embeddable":true,"href":"https:\/\/informacionlocal.es\/it\/wp-json\/wp\/v2\/categories?post=1097"},{"taxonomy":"post_tag","embeddable":true,"href":"https:\/\/informacionlocal.es\/it\/wp-json\/wp\/v2\/tags?post=1097"}],"curies":[{"name":"wp","href":"https:\/\/api.w.org\/{rel}","templated":true}]}}