{"id":10967,"date":"2025-09-18T15:59:31","date_gmt":"2025-09-18T14:59:31","guid":{"rendered":"https:\/\/informacionlocal.es\/eduvigis-hernandez-y-nilo-palenzuela-visitan-un-nuevo-encuentro-de-puerto-es-poesia\/"},"modified":"2025-09-18T15:59:31","modified_gmt":"2025-09-18T14:59:31","slug":"eduvigis-hernandez-y-nilo-palenzuela-visitan-un-nuevo-encuentro-de-puerto-es-poesia","status":"publish","type":"post","link":"https:\/\/informacionlocal.es\/it\/eduvigis-hernandez-y-nilo-palenzuela-visitan-un-nuevo-encuentro-de-puerto-es-poesia\/","title":{"rendered":"Eduvigis Hern\u00e1ndez y Nilo Palenzuela visitan un nuevo encuentro de \u2018Puerto es Poes\u00eda\u2019"},"content":{"rendered":"<div class=\"entry-content\">\n<ul>\n<li><strong>El recital tendr\u00e1 lugar el 23 de septiembre, a partir de las 20:00 horas, en la Casa de la Cultura.<\/strong><strong>\u00a0<\/strong><\/li>\n<\/ul>\n<p><strong>En Puerto del Rosario, a 18 de septiembre de 2025.-<\/strong> Los poetas Eduvigis Hern\u00e1ndez y Nilo Palenzuela se subir\u00e1n el martes, 23 de septiembre, al escenario de \u2018Puerto es Poes\u00eda\u2019, acompa\u00f1ados del m\u00fasico Sergio Garc\u00eda. Ser\u00e1 a las 20:00 horas en la Casa de la Cultura de Puerto del Rosario.<\/p>\n<p>El segundo de los encuentros de esta edici\u00f3n de \u2018Puerto es poes\u00eda\u2019 reunir\u00e1 los versos de Eduvigis Hern\u00e1ndez que llega a Fuerteventura tras publicar el libro \u2018Lauda\u2019 en ediciones Remotas junto a Nilo Palenzuela, escritor y catedr\u00e1tico de Literatura Espa\u00f1ola en la Universidad de La Laguna con una actividad creadora y de investigaci\u00f3n que ha desarrollado en el dominio de la literatura, el arte y el pensamiento.<\/p>\n<p>\u2018Puerto es Poes\u00eda\u2019 cumple este a\u00f1o su d\u00e9cima edici\u00f3n, convirti\u00e9ndose as\u00ed en uno de los festivales de poes\u00eda m\u00e1s antiguos de Canarias. A lo largo de estos a\u00f1os, ha acogido a decenas de poetas del archipi\u00e9lago y del resto del territorio nacional.<\/p>\n<p><img loading=\"lazy\" decoding=\"async\" loading=\"lazy\" class=\"size-large wp-image-157047 aligncenter\" src=\"https:\/\/informacionlocal.es\/wp-content\/uploads\/2025\/09\/puerto-es-poesia-ff-puerto-724x1024-1.jpeg\" width=\"724\" height=\"1024\" title=\"puerto-es-poesia-ff-puerto-724x1024-1\"><\/p>\n<p>Elsa L\u00f3pez, Cecilia Dom\u00ednguez Luis, Bruno Mesa, Pedro Flores, Domingo Fuentes o Tina Su\u00e1rez, junto a poetas de la Pen\u00ednsula como la Premio Nacional de Poes\u00eda Olvido Garc\u00eda Vald\u00e9s, Mar\u00eda Ovelar, Aurora Luque o Carlos Pardo son solo algunos de los autores que han participado a lo largo de estos a\u00f1os en este encuentro con la poes\u00eda y la m\u00fasica.<\/p>\n<p>\u00a0<\/p>\n<\/div>\n","protected":false},"excerpt":{"rendered":"<p>El recital tendr\u00e1 lugar el 23 de septiembre, a partir de las 20:00 horas, en la Casa de la Cultura.\u00a0 En Puerto del Rosario, a 18 de septiembre de 2025.- [&hellip;]<\/p>\n","protected":false},"author":1,"featured_media":10969,"comment_status":"open","ping_status":"open","sticky":false,"template":"","format":"standard","meta":{"inline_featured_image":false,"jnews-multi-image_gallery":[],"jnews_single_post":[],"jnews_primary_category":[],"jnews_social_meta":[],"jnews_override_counter":[],"jnews_post_split":[],"footnotes":""},"categories":[61],"tags":[82],"class_list":["post-10967","post","type-post","status-publish","format-standard","has-post-thumbnail","hentry","category-puerto-del-rosario","tag-fuerteventura"],"jetpack_featured_media_url":"https:\/\/informacionlocal.es\/wp-content\/uploads\/2025\/09\/semana-cultural.png","_links":{"self":[{"href":"https:\/\/informacionlocal.es\/it\/wp-json\/wp\/v2\/posts\/10967","targetHints":{"allow":["GET"]}}],"collection":[{"href":"https:\/\/informacionlocal.es\/it\/wp-json\/wp\/v2\/posts"}],"about":[{"href":"https:\/\/informacionlocal.es\/it\/wp-json\/wp\/v2\/types\/post"}],"author":[{"embeddable":true,"href":"https:\/\/informacionlocal.es\/it\/wp-json\/wp\/v2\/users\/1"}],"replies":[{"embeddable":true,"href":"https:\/\/informacionlocal.es\/it\/wp-json\/wp\/v2\/comments?post=10967"}],"version-history":[{"count":0,"href":"https:\/\/informacionlocal.es\/it\/wp-json\/wp\/v2\/posts\/10967\/revisions"}],"wp:featuredmedia":[{"embeddable":true,"href":"https:\/\/informacionlocal.es\/it\/wp-json\/wp\/v2\/media\/10969"}],"wp:attachment":[{"href":"https:\/\/informacionlocal.es\/it\/wp-json\/wp\/v2\/media?parent=10967"}],"wp:term":[{"taxonomy":"category","embeddable":true,"href":"https:\/\/informacionlocal.es\/it\/wp-json\/wp\/v2\/categories?post=10967"},{"taxonomy":"post_tag","embeddable":true,"href":"https:\/\/informacionlocal.es\/it\/wp-json\/wp\/v2\/tags?post=10967"}],"curies":[{"name":"wp","href":"https:\/\/api.w.org\/{rel}","templated":true}]}}