{"id":10949,"date":"2025-09-18T10:58:29","date_gmt":"2025-09-18T09:58:29","guid":{"rendered":"https:\/\/informacionlocal.es\/el-caaf-mejora-su-gestion-operativa-y-reduce-la-aportacion-economica-de-las-administraciones-locales-en-mas-de-un-65\/"},"modified":"2025-09-18T10:58:29","modified_gmt":"2025-09-18T09:58:29","slug":"el-caaf-mejora-su-gestion-operativa-y-reduce-la-aportacion-economica-de-las-administraciones-locales-en-mas-de-un-65","status":"publish","type":"post","link":"https:\/\/informacionlocal.es\/it\/el-caaf-mejora-su-gestion-operativa-y-reduce-la-aportacion-economica-de-las-administraciones-locales-en-mas-de-un-65\/","title":{"rendered":"\ufeffEl CAAF mejora su gesti\u00f3n operativa y reduce la aportaci\u00f3n econ\u00f3mica de las administraciones locales en m\u00e1s de un 65%"},"content":{"rendered":"<div class=\"entry-content\"><strong>18 septiembre, 2025<\/strong><\/p>\n<p><em><strong>La Junta General del CAAF aprueba la adjudicaci\u00f3n del nuevo contrato para modernizar y mejorar su gesti\u00f3n operativa<\/strong><\/em><\/p>\n<p><em><strong>Se reducen, adem\u00e1s, las aportaciones financieras de los ayuntamientos y Cabildo, tras el gran esfuerzo realizado en 2024<\/strong><\/em><\/p>\n<p>La Junta General del CAAF ha aprobado hoy la adjudicaci\u00f3n del contrato para modernizar y mejorar la gesti\u00f3n operativa del Consorcio de Abastecimiento de Aguas a Fuerteventura. Un nuevo sistema de gesti\u00f3n comercial, que viene a mejorar la gesti\u00f3n del ciclo del agua en Fuerteventura.<\/p>\n<p>Entre varios aspectos, permite la automatizaci\u00f3n de lecturas y facturaci\u00f3n, as\u00ed como la tele lectura de contadores, garantizando la calidad de la actividad. Incluye, asimismo, unidades de control para el c\u00e1lculo de agua no facturada, as\u00ed como una oficina virtual del ciudadano, integrada con la sede electr\u00f3nica del CAAF, entre otras muchas mejoras.<\/p>\n<p>Este nuevo sistema de gesti\u00f3n comercial mejora el flujo de informaci\u00f3n, incrementando la eficiencia del consorcio y su gesti\u00f3n operativa.<\/p>\n<p><strong>Aportaciones de los ayuntamientos<\/strong><\/p>\n<p>Asimismo, en la Junta del CAAF se ha acordado reducir las aportaciones econ\u00f3micas de los seis ayuntamientos y el Cabildo insular en el ejercicio de 2026. Dichas aportaciones alcanzar\u00e1n 6,5 millones de euros en total, entre todas las entidades, lo que supone una reducci\u00f3n en m\u00e1s de un 65% con respecto a 2024, cuando los consistorios e instituci\u00f3n insular realizaron un gran esfuerzo para apoyar las actuaciones hidr\u00e1ulicas que han permitido superar la situaci\u00f3n de emergencia h\u00eddrica.\u00a0Este es el primer paso para la elaboraci\u00f3n y aprobaci\u00f3n del presupuesto del CAAF de 2026, el cual se prev\u00e9 aprobar en el pr\u00f3ximo mes de octubre.<\/p>\n<p>La presidenta del Cabildo y del CAAF, Lola Garc\u00eda, agradece el enorme esfuerzo que han realizado las administraciones locales, que tambi\u00e9n forman parte del consorcio y han comprendido la importancia de trabajar coordinadamente para mejorar la situaci\u00f3n en cada uno de los municipios\u201d.\u00a0 Un esfuerzo que se ve recompensado con mayor estabilidad en la producci\u00f3n, almacenamiento y distribuci\u00f3n para la poblaci\u00f3n de Fuerteventura.<\/p>\n<p>Esto es reflejo de que la situaci\u00f3n ha mejorado considerablemente, \u201caunque no quiere decir que se hayan terminado los problemas del agua en Fuerteventura. Las obras hidr\u00e1ulicas siguen siendo nuestra prioridad. Seguiremos con la hoja de ruta planificada para ejecutar las actuaciones necesarias, de manera que la situaci\u00f3n no vuelva a repetirse en la Isla\u201d, apunt\u00f3 Garc\u00eda.<\/p>\n<p>El consejero de Aguas, Adargoma Hern\u00e1ndez, destac\u00f3 igualmente el gran esfuerzo de coordinaci\u00f3n realizado entre el Cabildo y las administraciones locales.<\/p>\n<p>La reducci\u00f3n de la aportaci\u00f3n en 2026 permitir\u00e1 a los ayuntamientos un ahorro econ\u00f3mico que pueden invertir en otros servicios b\u00e1sicos que tambi\u00e9n son de gran necesidad en Fuerteventura, seg\u00fan recalcaron Garc\u00eda y Hern\u00e1ndez.<\/p>\n<\/div>\n","protected":false},"excerpt":{"rendered":"<p>18 septiembre, 2025 La Junta General del CAAF aprueba la adjudicaci\u00f3n del nuevo contrato para modernizar y mejorar su gesti\u00f3n operativa Se reducen, adem\u00e1s, las aportaciones financieras de los ayuntamientos [&hellip;]<\/p>\n","protected":false},"author":1,"featured_media":10951,"comment_status":"open","ping_status":"open","sticky":false,"template":"","format":"standard","meta":{"inline_featured_image":false,"jnews-multi-image_gallery":[],"jnews_single_post":[],"jnews_primary_category":[],"jnews_social_meta":[],"jnews_override_counter":[],"jnews_post_split":[],"footnotes":""},"categories":[58],"tags":[82,65],"class_list":["post-10949","post","type-post","status-publish","format-standard","has-post-thumbnail","hentry","category-cabildo","tag-fuerteventura","tag-municipios"],"jetpack_featured_media_url":"https:\/\/informacionlocal.es\/wp-content\/uploads\/2025\/09\/ssssf.jpeg","_links":{"self":[{"href":"https:\/\/informacionlocal.es\/it\/wp-json\/wp\/v2\/posts\/10949","targetHints":{"allow":["GET"]}}],"collection":[{"href":"https:\/\/informacionlocal.es\/it\/wp-json\/wp\/v2\/posts"}],"about":[{"href":"https:\/\/informacionlocal.es\/it\/wp-json\/wp\/v2\/types\/post"}],"author":[{"embeddable":true,"href":"https:\/\/informacionlocal.es\/it\/wp-json\/wp\/v2\/users\/1"}],"replies":[{"embeddable":true,"href":"https:\/\/informacionlocal.es\/it\/wp-json\/wp\/v2\/comments?post=10949"}],"version-history":[{"count":0,"href":"https:\/\/informacionlocal.es\/it\/wp-json\/wp\/v2\/posts\/10949\/revisions"}],"wp:featuredmedia":[{"embeddable":true,"href":"https:\/\/informacionlocal.es\/it\/wp-json\/wp\/v2\/media\/10951"}],"wp:attachment":[{"href":"https:\/\/informacionlocal.es\/it\/wp-json\/wp\/v2\/media?parent=10949"}],"wp:term":[{"taxonomy":"category","embeddable":true,"href":"https:\/\/informacionlocal.es\/it\/wp-json\/wp\/v2\/categories?post=10949"},{"taxonomy":"post_tag","embeddable":true,"href":"https:\/\/informacionlocal.es\/it\/wp-json\/wp\/v2\/tags?post=10949"}],"curies":[{"name":"wp","href":"https:\/\/api.w.org\/{rel}","templated":true}]}}