{"id":10943,"date":"2025-09-18T09:58:35","date_gmt":"2025-09-18T08:58:35","guid":{"rendered":"https:\/\/informacionlocal.es\/las-fiestas-en-honor-a-nuestra-senora-de-la-pena-2025-celebra-un-encuentro-de-solistas\/"},"modified":"2025-09-18T09:58:35","modified_gmt":"2025-09-18T08:58:35","slug":"las-fiestas-en-honor-a-nuestra-senora-de-la-pena-2025-celebra-un-encuentro-de-solistas","status":"publish","type":"post","link":"https:\/\/informacionlocal.es\/it\/las-fiestas-en-honor-a-nuestra-senora-de-la-pena-2025-celebra-un-encuentro-de-solistas\/","title":{"rendered":"Las Fiestas en Honor a Nuestra Se\u00f1ora de La Pe\u00f1a 2025 celebra un Encuentro de Solistas"},"content":{"rendered":"<div class=\"entry-content\"><strong>18 septiembre, 2025<\/strong><\/p>\n<p><strong><em>Voces de cinco islas se unen el s\u00e1bado 20 de septiembre en un homenaje a la tradici\u00f3n musical canaria<\/em><\/strong><\/p>\n<p>Las Fiestas en Honor a Nuestra Se\u00f1ora de La Pe\u00f1a 2025 acoger\u00e1 el pr\u00f3ximo s\u00e1bado 20 de septiembre, a las 19.30 horas, un esperado Encuentro de Solistas, donde la m\u00fasica popular canaria ser\u00e1 la gran protagonista.<\/p>\n<p>El evento contar\u00e1 con la participaci\u00f3n de reconocidos int\u00e9rpretes llegados de distintas islas: Eduardo Duque, de La Gomera; Candelaria Gonz\u00e1lez y Mateo Felipe, de Tenerife; Pedro Manuel Afonso y Yoana Garc\u00eda, de Gran Canaria; Pancho Gonz\u00e1lez, Paco Calero y Juan Carlos Dar\u00edas, de Fuerteventura, y Santiago Ram\u00edrez, de Lanzarote.<\/p>\n<p>La velada estar\u00e1 acompa\u00f1ada por los m\u00fasicos Tom\u00e1s Perera, Alberto Gonz\u00e1lez, Calella Gonz\u00e1lez, Abraham Ramos y Ana Rodr\u00edguez, quienes pondr\u00e1n el marco instrumental para resaltar la riqueza y la emoci\u00f3n de cada una de las voces invitadas.<\/p>\n<p>La cita promete ser una ocasi\u00f3n \u00fanica para disfrutar de la diversidad cultural y musical del Archipi\u00e9lago.\u00a0<\/p>\n<\/div>\n","protected":false},"excerpt":{"rendered":"<p>18 septiembre, 2025 Voces de cinco islas se unen el s\u00e1bado 20 de septiembre en un homenaje a la tradici\u00f3n musical canaria Las Fiestas en Honor a Nuestra Se\u00f1ora de [&hellip;]<\/p>\n","protected":false},"author":1,"featured_media":10945,"comment_status":"open","ping_status":"open","sticky":false,"template":"","format":"standard","meta":{"inline_featured_image":false,"jnews-multi-image_gallery":[],"jnews_single_post":[],"jnews_primary_category":[],"jnews_social_meta":[],"jnews_override_counter":[],"jnews_post_split":[],"footnotes":""},"categories":[58],"tags":[],"class_list":["post-10943","post","type-post","status-publish","format-standard","has-post-thumbnail","hentry","category-cabildo"],"jetpack_featured_media_url":"https:\/\/informacionlocal.es\/wp-content\/uploads\/2025\/09\/cartel-encuentro-solistas.jpeg","_links":{"self":[{"href":"https:\/\/informacionlocal.es\/it\/wp-json\/wp\/v2\/posts\/10943","targetHints":{"allow":["GET"]}}],"collection":[{"href":"https:\/\/informacionlocal.es\/it\/wp-json\/wp\/v2\/posts"}],"about":[{"href":"https:\/\/informacionlocal.es\/it\/wp-json\/wp\/v2\/types\/post"}],"author":[{"embeddable":true,"href":"https:\/\/informacionlocal.es\/it\/wp-json\/wp\/v2\/users\/1"}],"replies":[{"embeddable":true,"href":"https:\/\/informacionlocal.es\/it\/wp-json\/wp\/v2\/comments?post=10943"}],"version-history":[{"count":0,"href":"https:\/\/informacionlocal.es\/it\/wp-json\/wp\/v2\/posts\/10943\/revisions"}],"wp:featuredmedia":[{"embeddable":true,"href":"https:\/\/informacionlocal.es\/it\/wp-json\/wp\/v2\/media\/10945"}],"wp:attachment":[{"href":"https:\/\/informacionlocal.es\/it\/wp-json\/wp\/v2\/media?parent=10943"}],"wp:term":[{"taxonomy":"category","embeddable":true,"href":"https:\/\/informacionlocal.es\/it\/wp-json\/wp\/v2\/categories?post=10943"},{"taxonomy":"post_tag","embeddable":true,"href":"https:\/\/informacionlocal.es\/it\/wp-json\/wp\/v2\/tags?post=10943"}],"curies":[{"name":"wp","href":"https:\/\/api.w.org\/{rel}","templated":true}]}}