{"id":10915,"date":"2025-09-17T14:02:07","date_gmt":"2025-09-17T13:02:07","guid":{"rendered":"https:\/\/informacionlocal.es\/antigua-anima-a-disfrutar-las-fiestas-en-honor-a-nuestra-senora-de-la-pena\/"},"modified":"2025-09-17T14:02:07","modified_gmt":"2025-09-17T13:02:07","slug":"antigua-anima-a-disfrutar-las-fiestas-en-honor-a-nuestra-senora-de-la-pena","status":"publish","type":"post","link":"https:\/\/informacionlocal.es\/it\/antigua-anima-a-disfrutar-las-fiestas-en-honor-a-nuestra-senora-de-la-pena\/","title":{"rendered":"Antigua anima a disfrutar las Fiestas en Honor a Nuestra Se\u00f1ora de La Pe\u00f1a"},"content":{"rendered":"<div class=\"elementor-widget-container\">\n<p><strong>Antigua anima a disfrutar las Fiestas en Honor a Nuestra Se\u00f1ora de La Pe\u00f1a<\/strong><\/p>\n<p><strong>\u2022 El Ayuntamiento de Antigua acondiciona el pueblo, calles, plazas y zonas de paradas de guaguas para recibir y acoger a los cientos de peregrinos majoreros de camino a visitar la patrona de la isla.<\/strong><\/p>\n<p><strong>\u2022 Antigua participa entre otros actos, en la Romer\u00eda y ofrenda a Nuestra Se\u00f1ora de La Pe\u00f1a con una enarbolada carreta tirada por vacas de raza canaria, parranda y numerosos vecinos y vecinas acompa\u00f1ando en el recorrido.<\/strong><\/p>\n<p>El pan protagonizar\u00e1 la alegor\u00eda de la carreta de Antigua, rindiendo homenaje al pan de masa madre, el artesanal, base de alimento en muchas generaciones, uniendo tantas familias en su elaboraci\u00f3n, reparto y degustaci\u00f3n.<\/p>\n<p>El alcalde Mat\u00edas Pe\u00f1a, destaca la labor y actuaciones previas realizadas por la concejal\u00eda de Obras y Servicios, para embellecer Antigua que es paso principal para cientos de romeros y romeras majoreras este fin de semana, recuerda el alcalde, y como buenos anfitriones les acogemos en las mejores condiciones acondicionando zonas de descanso, sombra, embelleciendo el pueblo con limpieza y poda de palmerales para recibirlos y celebrar todos juntos las Fiestas en Honor Nuestra Se\u00f1ora de La Pe\u00f1a, a\u00f1ade Pe\u00f1a Garc\u00eda.<\/p>\n<p>La presencia de Antigua este fin de semana en la Romer\u00eda en Honor a Nuestra Se\u00f1ora de La Pe\u00f1a esta coordinada desde la concejal\u00eda de Cultura, facilitando la carreta, su alegor\u00eda y el desplazamiento de los mayores.<\/p>\n<p>Desde la concejal\u00eda de Cultura, preparan una llamativa carreta con alegor\u00eda y reconocimiento al pan como elemento b\u00e1sico en las mesas de tantas familias majoreras, detalla el alcalde, Mat\u00edas Pe\u00f1a Garc\u00eda. Un elemento que no faltar\u00e1 en las cestas de ofrenda a Nuestra Se\u00f1ora de la Pe\u00f1a, preparadas con la colaboraci\u00f3n de Servicios Sociales, se\u00f1ala el regidor.<\/p>\n<\/div>\n","protected":false},"excerpt":{"rendered":"<p><strong>Antigua anima a disfrutar las Fiestas en Honor a Nuestra Se\u00f1ora de La Pe\u00f1a<\/strong><\/p>\n","protected":false},"author":1,"featured_media":10917,"comment_status":"open","ping_status":"open","sticky":false,"template":"","format":"standard","meta":{"inline_featured_image":false,"jnews-multi-image_gallery":[],"jnews_single_post":[],"jnews_primary_category":[],"jnews_social_meta":[],"jnews_override_counter":[],"jnews_post_split":[],"footnotes":""},"categories":[59],"tags":[],"class_list":["post-10915","post","type-post","status-publish","format-standard","has-post-thumbnail","hentry","category-antigua"],"jetpack_featured_media_url":"https:\/\/informacionlocal.es\/wp-content\/uploads\/2025\/09\/arreglo-y-embellecimiento-del-palmeral-vial-paso-de-peregrinacion-1-scaled-1.jpg","_links":{"self":[{"href":"https:\/\/informacionlocal.es\/it\/wp-json\/wp\/v2\/posts\/10915","targetHints":{"allow":["GET"]}}],"collection":[{"href":"https:\/\/informacionlocal.es\/it\/wp-json\/wp\/v2\/posts"}],"about":[{"href":"https:\/\/informacionlocal.es\/it\/wp-json\/wp\/v2\/types\/post"}],"author":[{"embeddable":true,"href":"https:\/\/informacionlocal.es\/it\/wp-json\/wp\/v2\/users\/1"}],"replies":[{"embeddable":true,"href":"https:\/\/informacionlocal.es\/it\/wp-json\/wp\/v2\/comments?post=10915"}],"version-history":[{"count":0,"href":"https:\/\/informacionlocal.es\/it\/wp-json\/wp\/v2\/posts\/10915\/revisions"}],"wp:featuredmedia":[{"embeddable":true,"href":"https:\/\/informacionlocal.es\/it\/wp-json\/wp\/v2\/media\/10917"}],"wp:attachment":[{"href":"https:\/\/informacionlocal.es\/it\/wp-json\/wp\/v2\/media?parent=10915"}],"wp:term":[{"taxonomy":"category","embeddable":true,"href":"https:\/\/informacionlocal.es\/it\/wp-json\/wp\/v2\/categories?post=10915"},{"taxonomy":"post_tag","embeddable":true,"href":"https:\/\/informacionlocal.es\/it\/wp-json\/wp\/v2\/tags?post=10915"}],"curies":[{"name":"wp","href":"https:\/\/api.w.org\/{rel}","templated":true}]}}