{"id":10909,"date":"2025-09-17T13:02:00","date_gmt":"2025-09-17T12:02:00","guid":{"rendered":"https:\/\/informacionlocal.es\/la-pena-2025-apuesta-por-la-sostenibilidad-y-el-respeto-al-entorno\/"},"modified":"2025-09-17T13:02:00","modified_gmt":"2025-09-17T12:02:00","slug":"la-pena-2025-apuesta-por-la-sostenibilidad-y-el-respeto-al-entorno","status":"publish","type":"post","link":"https:\/\/informacionlocal.es\/it\/la-pena-2025-apuesta-por-la-sostenibilidad-y-el-respeto-al-entorno\/","title":{"rendered":"La Pe\u00f1a 2025 apuesta por la sostenibilidad y el respeto al entorno"},"content":{"rendered":"<div class=\"entry-content\"><strong>17 septiembre, 2025<\/strong><\/p>\n<p><strong>La Pe\u00f1a 2025 apuesta por la sostenibilidad y el respeto al entorno<\/strong><\/p>\n<p><strong><em>El Cabildo de Fuerteventura recuerda la importancia de proteger la naturaleza durante el camino<\/em><\/strong><\/p>\n<p>El Cabildo de Fuerteventura, a trav\u00e9s de la Consejer\u00eda de Medio Ambiente, recuerda la necesidad de disfrutar de La Pe\u00f1a con concienciaci\u00f3n ambiental. La romer\u00eda en Honor a Nuestra Se\u00f1ora de La Pe\u00f1a es uno de los momentos m\u00e1s esperados y emotivos del a\u00f1o para las personas de Fuerteventura. Fe, tradici\u00f3n y encuentro con la naturaleza se entrelazan en una celebraci\u00f3n \u00fanica que cada septiembre re\u00fane a miles de peregrinos.<\/p>\n<p>Sin embargo, el entorno natural que acompa\u00f1a este camino sagrado muchas veces sufre las consecuencias: basura en los senderos, ruido excesivo y da\u00f1os a la flora y fauna. \u201cCuidar del medio ambiente durante la romer\u00eda no solo es un acto de responsabilidad, tambi\u00e9n es una manera de honrar la tierra y garantizar que esta tradici\u00f3n se mantenga viva para las generaciones futuras\u201d, apunta la presidenta insular, Lola Garc\u00eda.<\/p>\n<p>Por ello, bajo el lema \u2018\u00a1A La Pe\u00f1a con Conciencia Ambiental!\u2019, la Consejer\u00eda de Medio Ambiente, que dirige, Carlos Rodr\u00edguez, recuerda cuatro recomendaciones b\u00e1sicas para disfrutar de la fiesta de una manera eco-L\u00d3GICA.<\/p>\n<p>El consejero Carlos Rodr\u00edguez destaca, en primer lugar, la importancia de disfrutar del camino respetando el medio ambiente, siendo conscientes de que en el entorno habitan especies sensibles. Asimismo, se llama a utilizar los senderos habilitados, para evitar la apertura de nuevos caminos que puedan da\u00f1ar el Medio Ambiente.<\/p>\n<p>Se recuerda, adem\u00e1s, la necesidad de depositar los residuos en el contenedor adecuado: tirar la basura en los contenedores adecuados, nunca en la naturaleza, adem\u00e1s de utilizar envases reutilizables, reduciendo as\u00ed la generaci\u00f3n de residuos y contribuyendo a la protecci\u00f3n del entorno.<\/p>\n<p>Este mensaje es difundido a trav\u00e9s de las redes sociales del Cabildo de Fuerteventura, as\u00ed como desde el \u00e1rea de Medio Ambiente.<\/p>\n<\/div>\n","protected":false},"excerpt":{"rendered":"<p>17 septiembre, 2025 La Pe\u00f1a 2025 apuesta por la sostenibilidad y el respeto al entorno El Cabildo de Fuerteventura recuerda la importancia de proteger la naturaleza durante el camino El [&hellip;]<\/p>\n","protected":false},"author":1,"featured_media":10911,"comment_status":"open","ping_status":"open","sticky":false,"template":"","format":"standard","meta":{"inline_featured_image":false,"jnews-multi-image_gallery":[],"jnews_single_post":[],"jnews_primary_category":[],"jnews_social_meta":[],"jnews_override_counter":[],"jnews_post_split":[],"footnotes":""},"categories":[58],"tags":[82,76],"class_list":["post-10909","post","type-post","status-publish","format-standard","has-post-thumbnail","hentry","category-cabildo","tag-fuerteventura","tag-medio-ambiente"],"jetpack_featured_media_url":"https:\/\/informacionlocal.es\/wp-content\/uploads\/2025\/09\/eerer.jpeg","_links":{"self":[{"href":"https:\/\/informacionlocal.es\/it\/wp-json\/wp\/v2\/posts\/10909","targetHints":{"allow":["GET"]}}],"collection":[{"href":"https:\/\/informacionlocal.es\/it\/wp-json\/wp\/v2\/posts"}],"about":[{"href":"https:\/\/informacionlocal.es\/it\/wp-json\/wp\/v2\/types\/post"}],"author":[{"embeddable":true,"href":"https:\/\/informacionlocal.es\/it\/wp-json\/wp\/v2\/users\/1"}],"replies":[{"embeddable":true,"href":"https:\/\/informacionlocal.es\/it\/wp-json\/wp\/v2\/comments?post=10909"}],"version-history":[{"count":0,"href":"https:\/\/informacionlocal.es\/it\/wp-json\/wp\/v2\/posts\/10909\/revisions"}],"wp:featuredmedia":[{"embeddable":true,"href":"https:\/\/informacionlocal.es\/it\/wp-json\/wp\/v2\/media\/10911"}],"wp:attachment":[{"href":"https:\/\/informacionlocal.es\/it\/wp-json\/wp\/v2\/media?parent=10909"}],"wp:term":[{"taxonomy":"category","embeddable":true,"href":"https:\/\/informacionlocal.es\/it\/wp-json\/wp\/v2\/categories?post=10909"},{"taxonomy":"post_tag","embeddable":true,"href":"https:\/\/informacionlocal.es\/it\/wp-json\/wp\/v2\/tags?post=10909"}],"curies":[{"name":"wp","href":"https:\/\/api.w.org\/{rel}","templated":true}]}}