{"id":10903,"date":"2025-09-16T21:58:55","date_gmt":"2025-09-16T20:58:55","guid":{"rendered":"https:\/\/informacionlocal.es\/todos-a-una-en-el-vi-torneo-memorial-isaac-hernandez-cabrera\/"},"modified":"2025-09-16T21:58:55","modified_gmt":"2025-09-16T20:58:55","slug":"todos-a-una-en-el-vi-torneo-memorial-isaac-hernandez-cabrera","status":"publish","type":"post","link":"https:\/\/informacionlocal.es\/it\/todos-a-una-en-el-vi-torneo-memorial-isaac-hernandez-cabrera\/","title":{"rendered":"Todos a una en el VI Torneo Memorial Isaac Hern\u00e1ndez Cabrera"},"content":{"rendered":"<div class=\"elementor-widget-container\">\n<p><strong>Todos a una en el VI Torneo Memorial Isaac Hern\u00e1ndez Cabrera<\/strong><\/p>\n<p><strong>\u2022 Familia y vecinos se re\u00fanen cada a\u00f1o para recordar a un joven vecino y deportista siempre presente entre todos y todas. <\/strong><br \/><strong>\u2022 Las Fiestas de Agua de Bueyes celebran este mi\u00e9rcoles tarde una Ginkana Infantil, el jueves la Exhibici\u00f3n de Lucha Canaria y el s\u00e1bado 20 desde las 22:00 horas Verbena con Kandela, Nuevo Klan y Grupo Bomba y su Orquesta.<\/strong><\/p>\n<p>Este lunes 16 de septiembre por la tarde, en la cancha de Agua de Bueyes y en el marco de las Fiestas en Honor a Nuestra Se\u00f1ora de Guadalupe, se celebraba el VI Torneo Memorial Isaac Hern\u00e1ndez Cabrera jugando un fraternal partido de f\u00fatbol en categor\u00eda infantil y adulto, entre los vecinos del pueblo.<\/p>\n<p>Un Torneo que reconoce y demuestra lo presente que se encuentra el esp\u00edritu deportivo y energ\u00eda del joven amigo Isaac, tristemente fallecido hace ya seis a\u00f1os, y por el que celebramos este Memorial en su honor y con todo el cari\u00f1o hacia la familia, se\u00f1ala el alcalde, Mat\u00edas Pe\u00f1a Garc\u00eda.<\/p>\n<p>Este Memorial Isaac Hern\u00e1ndez Cabrera demuestra tambi\u00e9n la uni\u00f3n de la familia, de los vecinos de Agua de Bueyes, la Comisi\u00f3n de Fiestas y las concejal\u00edas de Festejos y Deportes del Ayuntamiento de Antigua, afirma el concejal Samuel Torres, un ejemplo para muchos otros eventos, siendo este un torneo de f\u00fatbol por el que cada a\u00f1o seguiremos apostando.<\/p>\n<p>Las Fiestas de Agua de Bueyes continua esta semana, celebrando este mi\u00e9rcoles tarde una Ginkana Infantil, el jueves la Exhibici\u00f3n de Lucha Canaria y el s\u00e1bado 20 desde las 22:00 horas Gran Verbena con Kandela, Nuevo Klan y Grupo Bomba y su Orquesta.<\/p>\n<\/div>\n","protected":false},"excerpt":{"rendered":"<p><strong>Todos a una en el VI Torneo Memorial Isaac Hern\u00e1ndez Cabrera<\/strong><\/p>\n","protected":false},"author":1,"featured_media":10905,"comment_status":"open","ping_status":"open","sticky":false,"template":"","format":"standard","meta":{"inline_featured_image":false,"jnews-multi-image_gallery":[],"jnews_single_post":[],"jnews_primary_category":[],"jnews_social_meta":[],"jnews_override_counter":[],"jnews_post_split":[],"footnotes":""},"categories":[59],"tags":[69],"class_list":["post-10903","post","type-post","status-publish","format-standard","has-post-thumbnail","hentry","category-antigua","tag-eventos"],"jetpack_featured_media_url":"https:\/\/informacionlocal.es\/wp-content\/uploads\/2025\/09\/20250915_2002530-scaled-1.jpg","_links":{"self":[{"href":"https:\/\/informacionlocal.es\/it\/wp-json\/wp\/v2\/posts\/10903","targetHints":{"allow":["GET"]}}],"collection":[{"href":"https:\/\/informacionlocal.es\/it\/wp-json\/wp\/v2\/posts"}],"about":[{"href":"https:\/\/informacionlocal.es\/it\/wp-json\/wp\/v2\/types\/post"}],"author":[{"embeddable":true,"href":"https:\/\/informacionlocal.es\/it\/wp-json\/wp\/v2\/users\/1"}],"replies":[{"embeddable":true,"href":"https:\/\/informacionlocal.es\/it\/wp-json\/wp\/v2\/comments?post=10903"}],"version-history":[{"count":0,"href":"https:\/\/informacionlocal.es\/it\/wp-json\/wp\/v2\/posts\/10903\/revisions"}],"wp:featuredmedia":[{"embeddable":true,"href":"https:\/\/informacionlocal.es\/it\/wp-json\/wp\/v2\/media\/10905"}],"wp:attachment":[{"href":"https:\/\/informacionlocal.es\/it\/wp-json\/wp\/v2\/media?parent=10903"}],"wp:term":[{"taxonomy":"category","embeddable":true,"href":"https:\/\/informacionlocal.es\/it\/wp-json\/wp\/v2\/categories?post=10903"},{"taxonomy":"post_tag","embeddable":true,"href":"https:\/\/informacionlocal.es\/it\/wp-json\/wp\/v2\/tags?post=10903"}],"curies":[{"name":"wp","href":"https:\/\/api.w.org\/{rel}","templated":true}]}}