{"id":10891,"date":"2025-09-16T20:05:41","date_gmt":"2025-09-16T19:05:41","guid":{"rendered":"https:\/\/informacionlocal.es\/fuerteventura-acoge-una-charla-informativa-sobre-deteccion-y-prevencion-de-la-filoxera-de-la-vid\/"},"modified":"2025-09-16T20:05:41","modified_gmt":"2025-09-16T19:05:41","slug":"fuerteventura-acoge-una-charla-informativa-sobre-deteccion-y-prevencion-de-la-filoxera-de-la-vid","status":"publish","type":"post","link":"https:\/\/informacionlocal.es\/it\/fuerteventura-acoge-una-charla-informativa-sobre-deteccion-y-prevencion-de-la-filoxera-de-la-vid\/","title":{"rendered":"Fuerteventura acoge una charla informativa sobre detecci\u00f3n y prevenci\u00f3n de la filoxera de la vid"},"content":{"rendered":"<div class=\"entry-content\"><strong>16 septiembre, 2025<\/strong><\/p>\n<p><strong><em>Tendr\u00e1 lugar el pr\u00f3ximo 22 de septiembre, a las 17.30 horas, en el<br \/>\nPalacio de Formaci\u00f3n y Congresos <\/em><\/strong><\/p>\n<p><strong><em>Aunque no<br \/>\nse han detectado casos en la Isla, se pide extremar la vigilancia como medida<br \/>\npreventiva <\/em><\/strong><\/p>\n<p>El Gobierno de Canarias, en colaboraci\u00f3n con el Cabildo de<br \/>\nFuerteventura, ofrecer\u00e1 una reuni\u00f3n informativa sobre detecci\u00f3n y prevenci\u00f3n de<br \/>\nla filoxera de la vid, dirigida al sector vitivin\u00edcola de la Isla. Tendr\u00e1 lugar<br \/>\nel pr\u00f3ximo lunes, 22 de septiembre, a las 17.30 horas, en la sala B del Palacio<br \/>\nde Formaci\u00f3n y Congresos de Fuerteventura. Contar\u00e1 con la intervenci\u00f3n del<br \/>\nviceconsejero de Sector Primario, Eduardo Garc\u00eda Cabello.<\/p>\n<p>A finales del mes de julio, el Gobierno de Canarias y Cabildo de<br \/>\nTenerife detectaron brotes de filoxera de la vid (<em>Daktulosphaira vitifoliae<\/em>)<br \/>\nen la isla de Tenerife. Aunque no se han detectado casos hasta ahora en<br \/>\nFuerteventura, es importante extremar la vigilancia como medida preventiva,<br \/>\npara garantizar una respuesta r\u00e1pida en caso de que fuera necesario activar el<br \/>\nprotocolo.<\/p>\n<p>Los<br \/>\nagricultores y viticultores que detecten posibles incidencias pueden<br \/>\ncomunicarlas en la Unidad de Agricultura, Ganader\u00eda y Pesca del Cabildo en<br \/>\nPuerto del Rosario, a trav\u00e9s de los tel\u00e9fonos 928 532 035 y 928 531 184, o en<br \/>\nlos correos electr\u00f3nicos agricultura@cabildofuer.es y ganaderia@cabildofuer.es. <\/p>\n<p>Tambi\u00e9n se<br \/>\npuede notificar en la Agencia de Agricultura, Ganader\u00eda y Pesca en Gran<br \/>\nTarajal, en el tel\u00e9fono 928 870 782 o mediante el correo ext_gt@cabildofuer.es.<\/p>\n<p>Se pide a los agricultores vigilar muy atentamente sus vi\u00f1edos por<br \/>\ns\u00edntomas como agallas o n\u00f3dulos en ra\u00edces, lesiones o protuberancias en hojas y<br \/>\ndebilitamiento general de la planta. Si se observa cualquier signo sospechoso,<br \/>\nes preciso avisar de inmediato, incluso ante sospechas sin confirmar.\u00a0 <\/p>\n<p>Asimismo, se ruega que no trasladen herramientas, tierra o<br \/>\nmaterial vegetal entre parcelas, ya que la plaga puede prolongarse f\u00e1cilmente<br \/>\ncon estos movimientos.<\/p>\n<\/div>\n","protected":false},"excerpt":{"rendered":"<p>16 septiembre, 2025 Tendr\u00e1 lugar el pr\u00f3ximo 22 de septiembre, a las 17.30 horas, en el Palacio de Formaci\u00f3n y Congresos Aunque no se han detectado casos en la Isla, [&hellip;]<\/p>\n","protected":false},"author":1,"featured_media":10893,"comment_status":"open","ping_status":"open","sticky":false,"template":"","format":"standard","meta":{"inline_featured_image":false,"jnews-multi-image_gallery":[],"jnews_single_post":[],"jnews_primary_category":[],"jnews_social_meta":[],"jnews_override_counter":[],"jnews_post_split":[],"footnotes":""},"categories":[58],"tags":[385,82],"class_list":["post-10891","post","type-post","status-publish","format-standard","has-post-thumbnail","hentry","category-cabildo","tag-agricultura","tag-fuerteventura"],"jetpack_featured_media_url":"https:\/\/informacionlocal.es\/wp-content\/uploads\/2025\/09\/1758016463-0d50f1ecd76ebf49bbead29f46a1ecdc.jpg","_links":{"self":[{"href":"https:\/\/informacionlocal.es\/it\/wp-json\/wp\/v2\/posts\/10891","targetHints":{"allow":["GET"]}}],"collection":[{"href":"https:\/\/informacionlocal.es\/it\/wp-json\/wp\/v2\/posts"}],"about":[{"href":"https:\/\/informacionlocal.es\/it\/wp-json\/wp\/v2\/types\/post"}],"author":[{"embeddable":true,"href":"https:\/\/informacionlocal.es\/it\/wp-json\/wp\/v2\/users\/1"}],"replies":[{"embeddable":true,"href":"https:\/\/informacionlocal.es\/it\/wp-json\/wp\/v2\/comments?post=10891"}],"version-history":[{"count":0,"href":"https:\/\/informacionlocal.es\/it\/wp-json\/wp\/v2\/posts\/10891\/revisions"}],"wp:featuredmedia":[{"embeddable":true,"href":"https:\/\/informacionlocal.es\/it\/wp-json\/wp\/v2\/media\/10893"}],"wp:attachment":[{"href":"https:\/\/informacionlocal.es\/it\/wp-json\/wp\/v2\/media?parent=10891"}],"wp:term":[{"taxonomy":"category","embeddable":true,"href":"https:\/\/informacionlocal.es\/it\/wp-json\/wp\/v2\/categories?post=10891"},{"taxonomy":"post_tag","embeddable":true,"href":"https:\/\/informacionlocal.es\/it\/wp-json\/wp\/v2\/tags?post=10891"}],"curies":[{"name":"wp","href":"https:\/\/api.w.org\/{rel}","templated":true}]}}