{"id":10873,"date":"2025-09-16T16:59:49","date_gmt":"2025-09-16T15:59:49","guid":{"rendered":"https:\/\/informacionlocal.es\/d-francisco-ufano-polo-pregonero-de-las-fiestas-de-caleta-de-fuste-2025\/"},"modified":"2025-09-16T16:59:49","modified_gmt":"2025-09-16T15:59:49","slug":"d-francisco-ufano-polo-pregonero-de-las-fiestas-de-caleta-de-fuste-2025","status":"publish","type":"post","link":"https:\/\/informacionlocal.es\/it\/d-francisco-ufano-polo-pregonero-de-las-fiestas-de-caleta-de-fuste-2025\/","title":{"rendered":"D. Francisco Ufano Polo Pregonero de las Fiestas de Caleta de Fuste 2025"},"content":{"rendered":"<div class=\"elementor-widget-container\">\n<p><strong>D. Francisco Ufano Polo<\/strong><br \/><strong>Pregonero de las Fiestas de Caleta de Fuste 2025<\/strong><\/p>\n<p><strong>\u2022 Alcalde, concejal y presidenta de la Comisi\u00f3n de Fiestas, sorprenden a D. Francisco Ufano Polo, proponi\u00e9ndole ser el Pregonero de las Fiestas en Honor a Nuestra Se\u00f1ora de la Pe\u00f1a del Mar que celebra Caleta de Fuste a mediados de octubre.<\/strong><\/p>\n<p>D. Francisco Ufano Polo, emprendedor empresarial en Caleta de Fuste, con gran experiencia en el desarrollo tur\u00edstico y comprometido con el progreso de esta localidad, siendo hoy socio propietario de uno de los resorts m\u00e1s destacado en la isla, el Ereza Mar que reci\u00e9n celebraba sus 25 a\u00f1os de apertura y servicio.<\/p>\n<p>Conocido por su cercan\u00eda, sinceridad a la hora de expresar lo que piensa, trabajador comprometido, siempre elegante en el vestir y campechano en el trato, se\u00f1ala el alcalde Mat\u00edas Pe\u00f1a Garc\u00eda, hoy al popular Paco Ufano le hemos sorprendido con la propuesta de ser pregonero, que ha aceptado con agradecimiento y calific\u00e1ndola como un honor para \u00e9l y su familia.<\/p>\n<p>Pertenezco a una de las primeras familias de fuera que decidieron residir en Caleta de Fuste donde he vivido 40 a\u00f1os felices con todo tipo de an\u00e9cdotas y momentos, y una visi\u00f3n desde joven hasta mis a\u00f1os hoy, de c\u00f3mo ha ido creciendo, cambiando y desarroll\u00e1ndose este pueblo, donde cuando llegu\u00e9 en mi casa no hab\u00eda luz, funcionando con un motor electr\u00f3geno y tan s\u00f3lo hab\u00eda una cabina de tel\u00e9fono a monedas y les aseguro, era feliz y me emocionaba cada d\u00eda que viv\u00eda aqu\u00ed, hasta la fecha.<\/p>\n<p>Hoy he recibido la grata visita del alcalde, Mat\u00edas Pe\u00f1a Garc\u00eda, el concejal Pedro M. Armas Mart\u00edn y la presidenta de la Comisi\u00f3n de Fiestas, Nieves Rodr\u00edguez Quintero, y no conociendo a esta \u00faltima, le contaba como su querida abuela Frasquita nos dejaba en la puerta de casa, d\u00eda si d\u00eda tambi\u00e9n, un plato con riqu\u00edsimos tomates frescos.<\/p>\n<p>\u00a0<\/p>\n<\/div>\n","protected":false},"excerpt":{"rendered":"<p><strong>D. Francisco Ufano Polo<\/strong><\/p>\n","protected":false},"author":1,"featured_media":10875,"comment_status":"open","ping_status":"open","sticky":false,"template":"","format":"standard","meta":{"inline_featured_image":false,"jnews-multi-image_gallery":[],"jnews_single_post":[],"jnews_primary_category":[],"jnews_social_meta":[],"jnews_override_counter":[],"jnews_post_split":[],"footnotes":""},"categories":[59],"tags":[],"class_list":["post-10873","post","type-post","status-publish","format-standard","has-post-thumbnail","hentry","category-antigua"],"jetpack_featured_media_url":"https:\/\/informacionlocal.es\/wp-content\/uploads\/2025\/09\/pregonero-de-las-fiestas-de-caleta-de-fuste-2025-2-scaled-1.jpg","_links":{"self":[{"href":"https:\/\/informacionlocal.es\/it\/wp-json\/wp\/v2\/posts\/10873","targetHints":{"allow":["GET"]}}],"collection":[{"href":"https:\/\/informacionlocal.es\/it\/wp-json\/wp\/v2\/posts"}],"about":[{"href":"https:\/\/informacionlocal.es\/it\/wp-json\/wp\/v2\/types\/post"}],"author":[{"embeddable":true,"href":"https:\/\/informacionlocal.es\/it\/wp-json\/wp\/v2\/users\/1"}],"replies":[{"embeddable":true,"href":"https:\/\/informacionlocal.es\/it\/wp-json\/wp\/v2\/comments?post=10873"}],"version-history":[{"count":0,"href":"https:\/\/informacionlocal.es\/it\/wp-json\/wp\/v2\/posts\/10873\/revisions"}],"wp:featuredmedia":[{"embeddable":true,"href":"https:\/\/informacionlocal.es\/it\/wp-json\/wp\/v2\/media\/10875"}],"wp:attachment":[{"href":"https:\/\/informacionlocal.es\/it\/wp-json\/wp\/v2\/media?parent=10873"}],"wp:term":[{"taxonomy":"category","embeddable":true,"href":"https:\/\/informacionlocal.es\/it\/wp-json\/wp\/v2\/categories?post=10873"},{"taxonomy":"post_tag","embeddable":true,"href":"https:\/\/informacionlocal.es\/it\/wp-json\/wp\/v2\/tags?post=10873"}],"curies":[{"name":"wp","href":"https:\/\/api.w.org\/{rel}","templated":true}]}}