{"id":10857,"date":"2025-09-16T15:08:22","date_gmt":"2025-09-16T14:08:22","guid":{"rendered":"https:\/\/informacionlocal.es\/puerto-del-rosario-lanza-la-ii-edicion-del-concurso-de-dibujo-arte-por-la-equidad-violencias-machistas-en-el-entorno-digital\/"},"modified":"2025-09-16T15:08:22","modified_gmt":"2025-09-16T14:08:22","slug":"puerto-del-rosario-lanza-la-ii-edicion-del-concurso-de-dibujo-arte-por-la-equidad-violencias-machistas-en-el-entorno-digital","status":"publish","type":"post","link":"https:\/\/informacionlocal.es\/it\/puerto-del-rosario-lanza-la-ii-edicion-del-concurso-de-dibujo-arte-por-la-equidad-violencias-machistas-en-el-entorno-digital\/","title":{"rendered":"Puerto del Rosario lanza la II edici\u00f3n del concurso de dibujo \u201cArte por la Equidad: violencias machistas en el entorno digital\u201d"},"content":{"rendered":"<div class=\"entry-content\">\n<ul>\n<li><span><strong>Dirigido a alumnado de 14 a 18 a\u00f1os de Secundaria; los trabajos, en formato A4 vertical y t\u00e9cnica libre, podr\u00e1n presentarse a trav\u00e9s de los centros hasta el 13 de octubre<\/strong><\/span><\/li>\n<\/ul>\n<p><span><strong>\u00a0<\/strong><\/span><span><strong>En Puerto del Rosario, a 16 de septiembre de 2025.-<\/strong> Con motivo del D\u00eda Internacional para la Eliminaci\u00f3n de la Violencia contra las Mujeres (25N), el Ayuntamiento de Puerto del Rosario y la Federaci\u00f3n de Asociaciones de Mujeres Arena y Laurisilva (FAMAL) convocan la II edici\u00f3n del concurso de dibujo \u201cArte por la Equidad: Violencias machistas en el entorno digital\u201d, enmarcado en el programa municipal \u201c25N en Puerto del Rosario: Construyendo comunidad frente a las violencias machistas\u201d.<\/span><\/p>\n<p><span>El certamen, de \u00e1mbito municipal, est\u00e1 dirigido a j\u00f3venes de 14 a 18 a\u00f1os matriculados en centros de Educaci\u00f3n Secundaria del municipio. Cada participante deber\u00e1 presentar un dise\u00f1o en formato A4, orientaci\u00f3n vertical y t\u00e9cnica libre (dibujo a mano, creaci\u00f3n digital u otras composiciones art\u00edsticas) que aborde la tem\u00e1tica del 25N y, espec\u00edficamente, las violencias machistas en el entorno digital.<\/span><\/p>\n<p><span>Las bases completas pueden consultarse mediante el c\u00f3digo QR incluido en el cartel oficial del concurso.<\/span><\/p>\n<p><img loading=\"lazy\" decoding=\"async\" loading=\"lazy\" class=\"size-large wp-image-157027 aligncenter\" src=\"https:\/\/informacionlocal.es\/wp-content\/uploads\/2025\/09\/cartel-concurso-dibujo-2025-1-819x1024-1.jpg\" width=\"819\" height=\"1024\" title=\"cartel-concurso-dibujo-2025-1-819x1024-1\"><\/p>\n<p><span>Para garantizar el anonimato durante la valoraci\u00f3n, se aplicar\u00e1 un proceso de recogida espec\u00edfico a trav\u00e9s de los centros educativos. La fecha l\u00edmite para la entrega en cada centro es el 13 de octubre de 2025. Junto al conjunto de obras, el centro remitir\u00e1 la hoja de registro de datos personales (nombre completo, DNI, t\u00edtulo de la obra, curso y grupo), conforme al modelo indicado en la convocatoria.<\/span><\/p>\n<p><span>El Tribunal Calificador seleccionar\u00e1 las tres propuestas ganadoras, que se dar\u00e1n a conocer y se entregar\u00e1n los premios durante el Acto de Presentaci\u00f3n del programa \u201c25N en Puerto del Rosario: Construyendo comunidad frente a las violencias machistas\u201d, previsto para el 20 de octubre de 2025.<\/span><\/p>\n<p><span>Para cualquier consulta, FAMAL pone a disposici\u00f3n el correo mujeresftv@arenaylaurisilva.org y los tel\u00e9fonos 928 040 086 \/ 686 817 908.<\/span><\/p>\n<\/div>\n","protected":false},"excerpt":{"rendered":"<p>Dirigido a alumnado de 14 a 18 a\u00f1os de Secundaria; los trabajos, en formato A4 vertical y t\u00e9cnica libre, podr\u00e1n presentarse a trav\u00e9s de los centros hasta el 13 de [&hellip;]<\/p>\n","protected":false},"author":1,"featured_media":10859,"comment_status":"open","ping_status":"open","sticky":false,"template":"","format":"standard","meta":{"inline_featured_image":false,"jnews-multi-image_gallery":[],"jnews_single_post":[],"jnews_primary_category":[],"jnews_social_meta":[],"jnews_override_counter":[],"jnews_post_split":[],"footnotes":""},"categories":[61],"tags":[73],"class_list":["post-10857","post","type-post","status-publish","format-standard","has-post-thumbnail","hentry","category-puerto-del-rosario","tag-educacion"],"jetpack_featured_media_url":"https:\/\/informacionlocal.es\/wp-content\/uploads\/2025\/09\/concurso-pintura.png","_links":{"self":[{"href":"https:\/\/informacionlocal.es\/it\/wp-json\/wp\/v2\/posts\/10857","targetHints":{"allow":["GET"]}}],"collection":[{"href":"https:\/\/informacionlocal.es\/it\/wp-json\/wp\/v2\/posts"}],"about":[{"href":"https:\/\/informacionlocal.es\/it\/wp-json\/wp\/v2\/types\/post"}],"author":[{"embeddable":true,"href":"https:\/\/informacionlocal.es\/it\/wp-json\/wp\/v2\/users\/1"}],"replies":[{"embeddable":true,"href":"https:\/\/informacionlocal.es\/it\/wp-json\/wp\/v2\/comments?post=10857"}],"version-history":[{"count":0,"href":"https:\/\/informacionlocal.es\/it\/wp-json\/wp\/v2\/posts\/10857\/revisions"}],"wp:featuredmedia":[{"embeddable":true,"href":"https:\/\/informacionlocal.es\/it\/wp-json\/wp\/v2\/media\/10859"}],"wp:attachment":[{"href":"https:\/\/informacionlocal.es\/it\/wp-json\/wp\/v2\/media?parent=10857"}],"wp:term":[{"taxonomy":"category","embeddable":true,"href":"https:\/\/informacionlocal.es\/it\/wp-json\/wp\/v2\/categories?post=10857"},{"taxonomy":"post_tag","embeddable":true,"href":"https:\/\/informacionlocal.es\/it\/wp-json\/wp\/v2\/tags?post=10857"}],"curies":[{"name":"wp","href":"https:\/\/api.w.org\/{rel}","templated":true}]}}