{"id":10851,"date":"2025-09-16T09:06:58","date_gmt":"2025-09-16T08:06:58","guid":{"rendered":"https:\/\/informacionlocal.es\/muerdo-en-la-feria-del-libro-de-fuerteventura\/"},"modified":"2025-09-16T09:06:58","modified_gmt":"2025-09-16T08:06:58","slug":"muerdo-en-la-feria-del-libro-de-fuerteventura","status":"publish","type":"post","link":"https:\/\/informacionlocal.es\/it\/muerdo-en-la-feria-del-libro-de-fuerteventura\/","title":{"rendered":"\ufeffMuerdo, en la Feria del Libro de Fuerteventura"},"content":{"rendered":"<div class=\"entry-content\"><strong>16 septiembre, 2025<\/strong><\/p>\n<p><strong><em>El cantante actuar\u00e1 el viernes 24 de octubre en la Plaza del<br \/>\nPalacio de Congresos<\/em><\/strong><\/p>\n<p>El cantante Pascual Cantero, conocido art\u00edsticamente como Muerdo (Murcia,<br \/>\n1980), llega a la Feria del Libro de Fuerteventura para ofrecer un concierto el<br \/>\npr\u00f3ximo 24 de octubre. La cita es, a partir de las 22.00 horas, en la Plaza del<br \/>\nPalacio de Congresos de Puerto del Rosario.<\/p>\n<p>La organizaci\u00f3n de la Feria del Libro de Fuerteventura trabaja ya<br \/>\nen la elaboraci\u00f3n de una programaci\u00f3n que dar\u00e1 a conocer en las pr\u00f3ximas<br \/>\nsemanas. De momento, adelantan el concierto de Muerdo el 24 de octubre.<\/p>\n<p>El cantante subir\u00e1 al escenario para desplegar un abanico de<br \/>\nritmos en los que se funde lo latino con la rumba y otras m\u00fasicas m\u00e1s urbanas y<br \/>\ncontempor\u00e1neas. Ofrecer\u00e1 un concierto que persigue hacer historia, coincidiendo<br \/>\ncon el 35 aniversario de la Feria, la gran cita de los libros en Fuerteventura.<\/p>\n<p>Con m\u00e1s de medio mill\u00f3n de oyentes mensuales solo en Spotify, es<br \/>\nrepresentante de la nueva canci\u00f3n de autor, apoyado desde sus inicios por<br \/>\nartistas de la talla de Luis Eduardo Aute o Amparo S\u00e1nchez.<\/p>\n<p>Muerdo, compositor, cantante y poeta, ha pasado por algunos de los<br \/>\nmejores festivales de Hispanoam\u00e9rica (Cosquin Rock, Colombia al Parque, Feria<br \/>\nde las Flores, Lollapalooza, Vive Latino, Pirineos Sur, La Mar de M\u00fasicas,<br \/>\nPortamerica \u2026) y ha llenado lugares tan emblem\u00e1ticos como el teatro Gran Rex en<br \/>\nBuenos Aires, el Caupolican en Chile o el Teatro Col\u00f3n en Bogot\u00e1, o la Sala<br \/>\nApolo en Barcelona.<\/p>\n<p>Artista de personalidad arrolladora y sensibilidad abismal, se<br \/>\ncaracteriza por su buen gusto a la hora de mezclar sonidos de diferentes partes<br \/>\ndel mundo, su transparencia y sinceridad a la hora de plasmar en sus letras sus<br \/>\nexperiencias y su visi\u00f3n del mundo que le rodea.<\/p>\n<p>La 35 edici\u00f3n de la Feria del Libro de Fuerteventura se celebra<br \/>\ndel 23 al 26 de octubre en la Plaza del Palacio de Formaci\u00f3n y Congresos.<br \/>\nPresentaciones de libros, encuentros con autores, espect\u00e1culos de teatro, circo<br \/>\ny danza adem\u00e1s de conciertos y encuentros po\u00e9ticos vertebran una programaci\u00f3n<br \/>\nque convierten a la Feria del Libro de Fuerteventura en el epicentro de la<br \/>\ncultura insular.<\/p>\n<p>La Feria del Libro est\u00e1 organizada por el Centro Bibliotecario<br \/>\nInsular, dependiente de la Consejer\u00eda de Cultura del Cabildo de Fuerteventura,<br \/>\ny cuenta con la colaboraci\u00f3n del Instituto Canario de Desarrollo Cultural del<br \/>\nGobierno de Canarias.<\/p>\n<\/div>\n","protected":false},"excerpt":{"rendered":"<p>16 septiembre, 2025 El cantante actuar\u00e1 el viernes 24 de octubre en la Plaza del Palacio de Congresos El cantante Pascual Cantero, conocido art\u00edsticamente como Muerdo (Murcia, 1980), llega a [&hellip;]<\/p>\n","protected":false},"author":1,"featured_media":10853,"comment_status":"open","ping_status":"open","sticky":false,"template":"","format":"standard","meta":{"inline_featured_image":false,"jnews-multi-image_gallery":[],"jnews_single_post":[],"jnews_primary_category":[],"jnews_social_meta":[],"jnews_override_counter":[],"jnews_post_split":[],"footnotes":""},"categories":[58],"tags":[82],"class_list":["post-10851","post","type-post","status-publish","format-standard","has-post-thumbnail","hentry","category-cabildo","tag-fuerteventura"],"jetpack_featured_media_url":"https:\/\/informacionlocal.es\/wp-content\/uploads\/2025\/09\/1758008692-18b4d7b7c13bc65a6c9c449b5c437fbc.jpg","_links":{"self":[{"href":"https:\/\/informacionlocal.es\/it\/wp-json\/wp\/v2\/posts\/10851","targetHints":{"allow":["GET"]}}],"collection":[{"href":"https:\/\/informacionlocal.es\/it\/wp-json\/wp\/v2\/posts"}],"about":[{"href":"https:\/\/informacionlocal.es\/it\/wp-json\/wp\/v2\/types\/post"}],"author":[{"embeddable":true,"href":"https:\/\/informacionlocal.es\/it\/wp-json\/wp\/v2\/users\/1"}],"replies":[{"embeddable":true,"href":"https:\/\/informacionlocal.es\/it\/wp-json\/wp\/v2\/comments?post=10851"}],"version-history":[{"count":0,"href":"https:\/\/informacionlocal.es\/it\/wp-json\/wp\/v2\/posts\/10851\/revisions"}],"wp:featuredmedia":[{"embeddable":true,"href":"https:\/\/informacionlocal.es\/it\/wp-json\/wp\/v2\/media\/10853"}],"wp:attachment":[{"href":"https:\/\/informacionlocal.es\/it\/wp-json\/wp\/v2\/media?parent=10851"}],"wp:term":[{"taxonomy":"category","embeddable":true,"href":"https:\/\/informacionlocal.es\/it\/wp-json\/wp\/v2\/categories?post=10851"},{"taxonomy":"post_tag","embeddable":true,"href":"https:\/\/informacionlocal.es\/it\/wp-json\/wp\/v2\/tags?post=10851"}],"curies":[{"name":"wp","href":"https:\/\/api.w.org\/{rel}","templated":true}]}}