{"id":10845,"date":"2025-09-15T19:59:50","date_gmt":"2025-09-15T18:59:50","guid":{"rendered":"https:\/\/informacionlocal.es\/las-fiestas-de-agua-de-bueyes-celebran-la-procesion-en-honor-a-nuestra-senora-de-guadalupe\/"},"modified":"2025-09-15T19:59:50","modified_gmt":"2025-09-15T18:59:50","slug":"las-fiestas-de-agua-de-bueyes-celebran-la-procesion-en-honor-a-nuestra-senora-de-guadalupe","status":"publish","type":"post","link":"https:\/\/informacionlocal.es\/it\/las-fiestas-de-agua-de-bueyes-celebran-la-procesion-en-honor-a-nuestra-senora-de-guadalupe\/","title":{"rendered":"Las Fiestas de Agua de Bueyes celebran la Procesi\u00f3n en Honor a Nuestra Se\u00f1ora de Guadalupe"},"content":{"rendered":"<div class=\"elementor-widget-container\">\n<p><strong>Las Fiestas de Agua de Bueyes celebran la Procesi\u00f3n en Honor a Nuestra Se\u00f1ora de Guadalupe<\/strong><\/p>\n<p><strong>\u2022 Este domingo 14 de septiembre, Agua de Bueyes celebraba su D\u00eda Principal con la Procesi\u00f3n en Honor a Nuestra Se\u00f1ora de Guadalupe. <\/strong><br \/><strong>\u2022 Las Fiestas finalizan el pr\u00f3ximo s\u00e1bado con una Gran Verbena y las actuaciones de Kandela, Nuevo Klan y Grupo Bomba y su Orquesta de Fuerteventura.<\/strong><\/p>\n<p>Este domingo 16 de septiembre, D\u00eda Principal de las Fiestas de Agua de Bueyes se celebr\u00f3 la funci\u00f3n religiosa en Honor a Nuestra Se\u00f1ora de Guadalupe, despidi\u00e9ndose al t\u00e9rmino de la misa, el p\u00e1rroco actual, Heriberto Mart\u00edn Molina que recibiera recientemente de manos del alcalde, Mat\u00edas Pe\u00f1a, un reconocimiento agradeciendo siempre su disposici\u00f3n y compromiso con la parroquia y el municipio.<\/p>\n<p>Tras la Funci\u00f3n religiosa se procedi\u00f3 a la solemne Procesi\u00f3n en Honor a Nuestra Se\u00f1ora de Guadalupe acompa\u00f1ada de v\u00edtores y voladores. Las Fiestas de Agua de Bueyes finalizan el pr\u00f3ximo s\u00e1bado 20 con una gran verbena y las actuaciones de Kandela, Nuevo Klan y el Grupo Bomba y su orquesta de Fuerteventura.<\/p>\n<p>La divertida Escala Hifi Adulta podr\u00e1 disfrutarse este martes 16 a las 20:00 horas, con las actuaciones de las estrellas del pueblo que seguro sorprender\u00e1n, se\u00f1ala el concejal de Festejos, Pedro M. Armas, que agradece el trabajo que en esta, como en otras citas festivas, demuestra la Comisi\u00f3n de Fiestas de Agua de Bueyes.<\/p>\n<p>Los peques del pueblo podr\u00e1n pasarlo fenomenal en la ginkana de este mi\u00e9rcoles por la tarde y toda la familia podr\u00e1 asistir a la Exhibici\u00f3n de lucha canaria entre los vecinos del pueblo y allegados el jueves desde las 18:30 horas.<\/p>\n<p>Unas Fiestas de Agua de Bueyes cercanas, familiares y sin incidentes, que siguen disfrut\u00e1ndose hasta el pr\u00f3ximo s\u00e1bado con Gran Verbena de cierre musical de fiestas.<\/p>\n<\/div>\n","protected":false},"excerpt":{"rendered":"<p><strong>Las Fiestas de Agua de Bueyes celebran la Procesi\u00f3n en Honor a Nuestra Se\u00f1ora de Guadalupe<\/strong><\/p>\n","protected":false},"author":1,"featured_media":10847,"comment_status":"open","ping_status":"open","sticky":false,"template":"","format":"standard","meta":{"inline_featured_image":false,"jnews-multi-image_gallery":[],"jnews_single_post":[],"jnews_primary_category":[],"jnews_social_meta":[],"jnews_override_counter":[],"jnews_post_split":[],"footnotes":""},"categories":[59],"tags":[82],"class_list":["post-10845","post","type-post","status-publish","format-standard","has-post-thumbnail","hentry","category-antigua","tag-fuerteventura"],"jetpack_featured_media_url":"https:\/\/informacionlocal.es\/wp-content\/uploads\/2025\/09\/procesion-en-honor-a-nuestra-senora-de-guadalupe-en-las-fiestas-de-agua-de-bueyes-2-scaled-1.jpg","_links":{"self":[{"href":"https:\/\/informacionlocal.es\/it\/wp-json\/wp\/v2\/posts\/10845","targetHints":{"allow":["GET"]}}],"collection":[{"href":"https:\/\/informacionlocal.es\/it\/wp-json\/wp\/v2\/posts"}],"about":[{"href":"https:\/\/informacionlocal.es\/it\/wp-json\/wp\/v2\/types\/post"}],"author":[{"embeddable":true,"href":"https:\/\/informacionlocal.es\/it\/wp-json\/wp\/v2\/users\/1"}],"replies":[{"embeddable":true,"href":"https:\/\/informacionlocal.es\/it\/wp-json\/wp\/v2\/comments?post=10845"}],"version-history":[{"count":0,"href":"https:\/\/informacionlocal.es\/it\/wp-json\/wp\/v2\/posts\/10845\/revisions"}],"wp:featuredmedia":[{"embeddable":true,"href":"https:\/\/informacionlocal.es\/it\/wp-json\/wp\/v2\/media\/10847"}],"wp:attachment":[{"href":"https:\/\/informacionlocal.es\/it\/wp-json\/wp\/v2\/media?parent=10845"}],"wp:term":[{"taxonomy":"category","embeddable":true,"href":"https:\/\/informacionlocal.es\/it\/wp-json\/wp\/v2\/categories?post=10845"},{"taxonomy":"post_tag","embeddable":true,"href":"https:\/\/informacionlocal.es\/it\/wp-json\/wp\/v2\/tags?post=10845"}],"curies":[{"name":"wp","href":"https:\/\/api.w.org\/{rel}","templated":true}]}}