{"id":10839,"date":"2025-09-15T18:58:27","date_gmt":"2025-09-15T17:58:27","guid":{"rendered":"https:\/\/informacionlocal.es\/el-cabildo-abre-la-convocatoria-de-becas-al-estudio-dentro-y-fuera-de-la-isla-alojamiento-y-movilidad\/"},"modified":"2025-09-15T18:58:27","modified_gmt":"2025-09-15T17:58:27","slug":"el-cabildo-abre-la-convocatoria-de-becas-al-estudio-dentro-y-fuera-de-la-isla-alojamiento-y-movilidad","status":"publish","type":"post","link":"https:\/\/informacionlocal.es\/it\/el-cabildo-abre-la-convocatoria-de-becas-al-estudio-dentro-y-fuera-de-la-isla-alojamiento-y-movilidad\/","title":{"rendered":"El Cabildo abre la convocatoria de becas al estudio dentro y fuera de la Isla, alojamiento y movilidad\ufeff"},"content":{"rendered":"<div class=\"entry-content\"><strong>15 septiembre, 2025<\/strong><\/p>\n<p><em><strong>La de Fuerteventura es la Corporaci\u00f3n insular que m\u00e1s invierte en becas al estudio y la que m\u00e1s l\u00edneas de ayudas concede<\/strong><\/em><\/p>\n<p><em><strong>La Consejer\u00eda de Educaci\u00f3n trabaja para adelantar, cada vez m\u00e1s, el inicio del plazo para presentar solicitudes<\/strong><\/em><\/p>\n<p>El Cabildo de Fuerteventura, a trav\u00e9s de la Consejer\u00eda de Educaci\u00f3n, ha abierto hoy la convocatoria de becas de estudios dentro y fuera de la Isla para el curso acad\u00e9mico 2025\/2026. Las personas interesadas tienen hasta el 15 de octubre para solicitarlas a trav\u00e9s de\u00a0https:\/\/becas.cabildofuer.es<\/p>\n<p>Seg\u00fan ha indicado la presidenta del Cabildo, se trata de las dos l\u00edneas de becas m\u00e1s grande que concede la Corporaci\u00f3n insular, dirigida a estudios dentro y fuera de la Isla de ESO, Bachillerato, FP y universidades (grados y posgrados)<\/p>\n<p>Asimismo, se ha abierto la convocatoria de las becas de movilidad para estudiantes universitarios que participen en programas de movilidad (Erasmus, SICUE, S\u00e9neca, entre otros), y las becas al alojamiento en residencias escolares p\u00fablicas. Para estas dos convocatorias, el plazo de presentaci\u00f3n de solicitudes finaliza el 6 de octubre, pudiendo solicitarse telem\u00e1ticamente en la sede electr\u00f3nica del Cabildo o presencialmente en las oficinas de registro y atenci\u00f3n ciudadana.<\/p>\n<p>Toda la informaci\u00f3n puede consultarse en el \u00e1rea de ayudas, becas y subvenciones de la p\u00e1gina web del Cabildo: https:\/\/www.cabildofuer.es\/cabildo\/atencion-al-ciudadano\/ayudas-becas-y-subvenciones\/educacion\/<\/p>\n<p>Tanto la presidenta del Cabildo, Lola Garc\u00eda, como el consejero de Educaci\u00f3n, Adargoma Hern\u00e1ndez, recalcan la gran inversi\u00f3n que realiza la Corporaci\u00f3n insular en becas para los estudiantes, siendo la instituci\u00f3n insular que m\u00e1s recursos destina a apoyar el estudio y la que m\u00e1s l\u00edneas de becas concede. \u00a0<\/p>\n<p>En el curso 2024\/2025, se concedieron 4,6 millones de euros entre las diferentes l\u00edneas de becas. La mayor inversi\u00f3n en becas de la historia del Cabildo, apunta Garc\u00eda. El de Fuerteventura es, asimismo, el \u00fanico que concede ayudas para el Bachillerato y ESO.<\/p>\n<p>Adargoma Hern\u00e1ndez ha resaltado que \u201cdesde el Cabildo se trabaja para ir adelantando cada vez m\u00e1s el inicio del plazo de solicitudes\u201d. Adem\u00e1s, se han ido introduciendo novedades, reduciendo el umbral del grado de discapacidad, as\u00ed como ampliado las ayudas a estudios de posgrado y especializaci\u00f3n de formaci\u00f3n profesional, lo que permite a los estudiantes que cursan m\u00e1steres a distancia puedan beneficiarse.<\/p>\n<p>Cabe destacar, adem\u00e1s, que el Cabildo de Fuerteventura es el \u00fanico que ha digitalizado por completo el proceso de solicitudes y baremaci\u00f3n, garantizando un proceso \u00e1gil y accesible a los interesados.\u00a0<\/p>\n<\/div>\n","protected":false},"excerpt":{"rendered":"<p>15 septiembre, 2025 La de Fuerteventura es la Corporaci\u00f3n insular que m\u00e1s invierte en becas al estudio y la que m\u00e1s l\u00edneas de ayudas concede La Consejer\u00eda de Educaci\u00f3n trabaja [&hellip;]<\/p>\n","protected":false},"author":1,"featured_media":10841,"comment_status":"open","ping_status":"open","sticky":false,"template":"","format":"standard","meta":{"inline_featured_image":false,"jnews-multi-image_gallery":[],"jnews_single_post":[],"jnews_primary_category":[],"jnews_social_meta":[],"jnews_override_counter":[],"jnews_post_split":[],"footnotes":""},"categories":[58],"tags":[68,73,82],"class_list":["post-10839","post","type-post","status-publish","format-standard","has-post-thumbnail","hentry","category-cabildo","tag-convocatorias","tag-educacion","tag-fuerteventura"],"jetpack_featured_media_url":"https:\/\/informacionlocal.es\/wp-content\/uploads\/2025\/09\/1757939528-1a627094e4a1874aebe9218936428f96.jpg","_links":{"self":[{"href":"https:\/\/informacionlocal.es\/it\/wp-json\/wp\/v2\/posts\/10839","targetHints":{"allow":["GET"]}}],"collection":[{"href":"https:\/\/informacionlocal.es\/it\/wp-json\/wp\/v2\/posts"}],"about":[{"href":"https:\/\/informacionlocal.es\/it\/wp-json\/wp\/v2\/types\/post"}],"author":[{"embeddable":true,"href":"https:\/\/informacionlocal.es\/it\/wp-json\/wp\/v2\/users\/1"}],"replies":[{"embeddable":true,"href":"https:\/\/informacionlocal.es\/it\/wp-json\/wp\/v2\/comments?post=10839"}],"version-history":[{"count":0,"href":"https:\/\/informacionlocal.es\/it\/wp-json\/wp\/v2\/posts\/10839\/revisions"}],"wp:featuredmedia":[{"embeddable":true,"href":"https:\/\/informacionlocal.es\/it\/wp-json\/wp\/v2\/media\/10841"}],"wp:attachment":[{"href":"https:\/\/informacionlocal.es\/it\/wp-json\/wp\/v2\/media?parent=10839"}],"wp:term":[{"taxonomy":"category","embeddable":true,"href":"https:\/\/informacionlocal.es\/it\/wp-json\/wp\/v2\/categories?post=10839"},{"taxonomy":"post_tag","embeddable":true,"href":"https:\/\/informacionlocal.es\/it\/wp-json\/wp\/v2\/tags?post=10839"}],"curies":[{"name":"wp","href":"https:\/\/api.w.org\/{rel}","templated":true}]}}