{"id":10829,"date":"2025-09-15T17:59:19","date_gmt":"2025-09-15T16:59:19","guid":{"rendered":"https:\/\/informacionlocal.es\/convocado-el-concurso-puerto-tiene-talento-en-el-marco-de-las-fiestas-del-rosario-2025\/"},"modified":"2025-09-15T17:59:19","modified_gmt":"2025-09-15T16:59:19","slug":"convocado-el-concurso-puerto-tiene-talento-en-el-marco-de-las-fiestas-del-rosario-2025","status":"publish","type":"post","link":"https:\/\/informacionlocal.es\/it\/convocado-el-concurso-puerto-tiene-talento-en-el-marco-de-las-fiestas-del-rosario-2025\/","title":{"rendered":"Convocado el concurso \u2018Puerto tiene talento\u2019 en el marco de las Fiestas del Rosario 2025"},"content":{"rendered":"<div class=\"entry-content\">\n<ul>\n<li><span><strong>Las inscripciones podr\u00e1n realizarse hasta el pr\u00f3ximo 22 de septiembre en la web <\/strong><strong>www.puertoescultura.es<\/strong><\/span><strong>\u00a0<\/strong><\/li>\n<\/ul>\n<p><span><strong>En Puerto del Rosario, a 15 de septiembre de 2025.-<\/strong> El Ayuntamiento de Puerto del Rosario anuncia la apertura de inscripciones para el concurso \u2018Puerto tiene talento\u2019, un certamen cultural que se celebrar\u00e1 dentro de la Semana Cultural de las Fiestas del Rosario 2025, con el objetivo de descubrir y dar visibilidad al talento art\u00edstico local.<\/span><\/p>\n<p><span>La gala tendr\u00e1 lugar el mi\u00e9rcoles 24 de septiembre, a las 20:00 horas, en la Plaza Nuestra Se\u00f1ora del Rosario (trasera de la Iglesia), en un formato de espect\u00e1culo \u00fanico, abierto a toda la ciudadan\u00eda.<\/span><\/p>\n<p><span>El certamen se presenta como una oportunidad para que personas de todas las edades puedan mostrar sus habilidades art\u00edsticas en disciplinas tan diversas como la m\u00fasica, canto, danza, teatro, magia, humor, poes\u00eda, mon\u00f3logos, artes circenses o cualquier otra manifestaci\u00f3n cultural.<\/span><\/p>\n<p><img loading=\"lazy\" decoding=\"async\" loading=\"lazy\" class=\"size-large wp-image-157021 aligncenter\" src=\"https:\/\/informacionlocal.es\/wp-content\/uploads\/2025\/09\/poster_puerto_tiene_talento-728x1024-1.jpg\" width=\"728\" height=\"1024\" title=\"poster_puerto_tiene_talento-728x1024-1\"><\/p>\n<p><span><strong>Bases principales del concurso<\/strong><\/span><\/p>\n<ul>\n<li><span><strong>Inscripciones<\/strong>: del 15 al 22 de septiembre en la web puertoescultura.es.<\/span><\/li>\n<li><span><strong>Participaci\u00f3n<\/strong>: m\u00e1ximo de 20 actuaciones, seleccionadas por orden de inscripci\u00f3n y criterios de diversidad. Cada actuaci\u00f3n tendr\u00e1 una duraci\u00f3n m\u00e1xima de 7 minutos.<\/span><\/li>\n<li><span><strong>Premios<\/strong>:<\/span>\n<ul>\n<li><span>1\u00ba premio: 250 \u20ac<\/span><\/li>\n<li><span>2\u00ba premio: 150 \u20ac<\/span><\/li>\n<li><span>3\u00ba premio: 100 \u20ac<\/span><\/li>\n<\/ul>\n<\/li>\n<\/ul>\n<p><span>Adem\u00e1s, diplomas y obsequios culturales.<\/span><\/p>\n<p><span>El concurso contar\u00e1 con un jurado integrado por tres personas vinculadas a la cultura local y con el apoyo del p\u00fablico a trav\u00e9s del \u201caplaus\u00f3metro\u201d. Un presentador\/a dinamizar\u00e1 la gala y dar\u00e1 paso a cada actuaci\u00f3n, en un espect\u00e1culo participativo y familiar que busca reforzar el compromiso del municipio con la cultura accesible y de calidad.<\/span><\/p>\n<p><span>El Ayuntamiento de Puerto del Rosario invita a todos los vecinos y vecinas a participar en esta cita cultural, bien como concursantes o como p\u00fablico, en un evento que promete convertirse en uno de los momentos m\u00e1s esperados de las Fiestas Patronales 2025.<\/span><span><strong>\u00a0<\/strong><\/span><\/p>\n<p><span>M\u00e1s informaci\u00f3n e inscripciones en www.puertoescultura.es.<\/span><\/p>\n<div class=\"wp-video\"><video class=\"wp-video-shortcode\" id=\"video-157018-1\" width=\"1080\" height=\"608\" preload=\"metadata\" controls=\"controls\"><source type=\"video\/mp4\" src=\"https:\/\/www.puertodelrosario.org\/wp-content\/uploads\/Promo_PuertoTieneTalento.mp4?_=1\" \/><\/video><\/div>\n<p>\u00a0<\/p>\n<\/div>\n","protected":false},"excerpt":{"rendered":"<p>Las inscripciones podr\u00e1n realizarse hasta el pr\u00f3ximo 22 de septiembre en la web www.puertoescultura.es\u00a0 En Puerto del Rosario, a 15 de septiembre de 2025.- El Ayuntamiento de Puerto del Rosario [&hellip;]<\/p>\n","protected":false},"author":1,"featured_media":10831,"comment_status":"open","ping_status":"open","sticky":false,"template":"","format":"standard","meta":{"inline_featured_image":false,"jnews-multi-image_gallery":[],"jnews_single_post":[],"jnews_primary_category":[],"jnews_social_meta":[],"jnews_override_counter":[],"jnews_post_split":[],"footnotes":""},"categories":[61],"tags":[],"class_list":["post-10829","post","type-post","status-publish","format-standard","has-post-thumbnail","hentry","category-puerto-del-rosario"],"jetpack_featured_media_url":"https:\/\/informacionlocal.es\/wp-content\/uploads\/2025\/09\/puerto-tiene-talento.png","_links":{"self":[{"href":"https:\/\/informacionlocal.es\/it\/wp-json\/wp\/v2\/posts\/10829","targetHints":{"allow":["GET"]}}],"collection":[{"href":"https:\/\/informacionlocal.es\/it\/wp-json\/wp\/v2\/posts"}],"about":[{"href":"https:\/\/informacionlocal.es\/it\/wp-json\/wp\/v2\/types\/post"}],"author":[{"embeddable":true,"href":"https:\/\/informacionlocal.es\/it\/wp-json\/wp\/v2\/users\/1"}],"replies":[{"embeddable":true,"href":"https:\/\/informacionlocal.es\/it\/wp-json\/wp\/v2\/comments?post=10829"}],"version-history":[{"count":0,"href":"https:\/\/informacionlocal.es\/it\/wp-json\/wp\/v2\/posts\/10829\/revisions"}],"wp:featuredmedia":[{"embeddable":true,"href":"https:\/\/informacionlocal.es\/it\/wp-json\/wp\/v2\/media\/10831"}],"wp:attachment":[{"href":"https:\/\/informacionlocal.es\/it\/wp-json\/wp\/v2\/media?parent=10829"}],"wp:term":[{"taxonomy":"category","embeddable":true,"href":"https:\/\/informacionlocal.es\/it\/wp-json\/wp\/v2\/categories?post=10829"},{"taxonomy":"post_tag","embeddable":true,"href":"https:\/\/informacionlocal.es\/it\/wp-json\/wp\/v2\/tags?post=10829"}],"curies":[{"name":"wp","href":"https:\/\/api.w.org\/{rel}","templated":true}]}}