{"id":10823,"date":"2025-09-15T16:00:48","date_gmt":"2025-09-15T15:00:48","guid":{"rendered":"https:\/\/informacionlocal.es\/el-ayuntamiento-de-la-oliva-avanza-en-la-rehabilitacion-de-vivienda-y-regeneracion-urbana-del-casco-viejo-de-corralejo\/"},"modified":"2025-09-15T16:00:48","modified_gmt":"2025-09-15T15:00:48","slug":"el-ayuntamiento-de-la-oliva-avanza-en-la-rehabilitacion-de-vivienda-y-regeneracion-urbana-del-casco-viejo-de-corralejo","status":"publish","type":"post","link":"https:\/\/informacionlocal.es\/it\/el-ayuntamiento-de-la-oliva-avanza-en-la-rehabilitacion-de-vivienda-y-regeneracion-urbana-del-casco-viejo-de-corralejo\/","title":{"rendered":"El Ayuntamiento de La Oliva avanza en la rehabilitaci\u00f3n de vivienda y regeneraci\u00f3n urbana del Casco Viejo de Corralejo"},"content":{"rendered":"<p>Contin\u00faan las reuniones con los vecinos y vecinas del Casco Viejo de Corralejo para avanzar en el Programa de Ayuda a las Actuaciones de Rehabilitaci\u00f3n a Nivel Barrio de esta zona de la localidad del norte. As\u00ed pues, el Ayuntamiento de La Oliva junto con el Cabildo Insular de Fuerteventura explican el proceso bajo el que se desarrollar\u00e1 la actuaci\u00f3n del ERRP y que permitir\u00e1, por tanto, otorgar una nueva imagen fresca y renovada al centro de Corralejo. <\/p>\n<p>En este sentido, las actuaciones subvencionables se aplicar\u00e1n a 99 viviendas participantes entre las que se encuentran la mejora o rehabilitaci\u00f3n de edificios de uso predominantemente residencial bajo la reducci\u00f3n del 60% del consumo de energ\u00edas no renovables \u2013 adem\u00e1s de labores de urbanizaci\u00f3n, reurbanizaci\u00f3n o mejora del entorno f\u00edsico delimitado en el programa. El presupuesto total destinado a estas actuaciones supera los 2,5 millones de euros financiados por el Estado, el Ayuntamiento de La Oliva y el Cabildo Insular, siendo de coste 0 para los propietarios.<\/p>\n<p>El alcalde de La Oliva, Isa\u00ed Blanco, se\u00f1ala la relevancia de esta actuaci\u00f3n para Corralejo: \u201cEste programa beneficiar\u00e1 no solo a todos los vecinos y vecinas participantes, que ver\u00e1n mejoradas las fachadas de sus viviendas, sino para el aspecto general del Casco Viejo del pueblo. Esta acci\u00f3n, no solo mejora las condiciones de la vivienda existente, sino que se suma tambi\u00e9n a anteriores actuaciones del gobierno local de cesi\u00f3n de suelo para la creaci\u00f3n de nuevas casas que permitan crear un hogar a la poblaci\u00f3n local del municipio.\u201d<\/p>\n<p>Adem\u00e1s, la presidenta del Cabildo Insular de Fuerteventura, Lola Garc\u00eda, destaca la importancia de los proyectos dirigidos a mejorar la calidad de la vida de las personas, en este caso con la rehabilitaci\u00f3n de vivienda, algo fundamental en un territorio limitado como Fuerteventura. Asimismo, la presidenta insular resalt\u00f3 que \u201cdesde el Cabildo seguiremos trabajando para que esta coordinaci\u00f3n se lleve al resto de municipios&#8221;.<\/p>\n<p>Por su parte, el concejal de Hacienda y Recaudaci\u00f3n, Juan Jos\u00e9 Rodr\u00edguez, explica: \u201cA trav\u00e9s de la Oficina de Fondos Europeos conseguimos poner en marcha un proyecto que conseguir\u00e1 mejorar la imagen de Corralejo. Este presupuesto resultar\u00eda inalcanzable si no fuera por el trabajo que estamos realizando desde este departamento, capaz de captar diferentes fondos en beneficio de nuestros vecinos y vecinas.\u201d Por \u00faltimo, el teniente alcalde, Julio Santana, manifiesta: \u201cLa ERRP renovar\u00e1 el aspecto de la zona del Casco Viejo de Corralejo y beneficiar\u00e1, de igual modo, a todos los participantes del programa, sin duda un avance en lo que mejora de la calidad de vivienda existente se refiere.\u201d <\/p>\n<p>Para m\u00e1s informaci\u00f3n sobre el programa, el horario de atenci\u00f3n a los vecinos y vecinas participantes es de 09:00 a 14:00 horas martes y jueves en Tenencia de Alcald\u00eda en Corralejo.<\/p>\n<p>Rehabilitaci\u00f3n de viviendas en el Casco Viejo de Corralejo, financiado a trav\u00e9s de los Programas de Ayuda en Materia de Rehabilitaci\u00f3n Residencial y Vivienda Social del Plan de Recuperaci\u00f3n, Transformaci\u00f3n y Resiliencia financiado por la Uni\u00f3n Europea \u2013 Next Generation EU \u2013 en la comunidad aut\u00f3noma de Canarias.<\/p>\n","protected":false},"excerpt":{"rendered":"<p><span>Consistorio y Cabildo Insular de Fuerteventura se re\u00fanen con los vecinos y vecinas de Corralejo para plantear las premisas del Programa de Ayuda a las Actuaciones de Rehabilitaci\u00f3n a Nivel Barrio<\/span><\/p>\n","protected":false},"author":1,"featured_media":10825,"comment_status":"open","ping_status":"open","sticky":false,"template":"","format":"standard","meta":{"inline_featured_image":false,"jnews-multi-image_gallery":[],"jnews_single_post":[],"jnews_primary_category":[],"jnews_social_meta":[],"jnews_override_counter":[],"jnews_post_split":[],"footnotes":""},"categories":[62],"tags":[82,65,71],"class_list":["post-10823","post","type-post","status-publish","format-standard","has-post-thumbnail","hentry","category-la-oliva","tag-fuerteventura","tag-municipios","tag-residencia"],"jetpack_featured_media_url":"https:\/\/informacionlocal.es\/wp-content\/uploads\/2025\/09\/5243_9229103b.png","_links":{"self":[{"href":"https:\/\/informacionlocal.es\/it\/wp-json\/wp\/v2\/posts\/10823","targetHints":{"allow":["GET"]}}],"collection":[{"href":"https:\/\/informacionlocal.es\/it\/wp-json\/wp\/v2\/posts"}],"about":[{"href":"https:\/\/informacionlocal.es\/it\/wp-json\/wp\/v2\/types\/post"}],"author":[{"embeddable":true,"href":"https:\/\/informacionlocal.es\/it\/wp-json\/wp\/v2\/users\/1"}],"replies":[{"embeddable":true,"href":"https:\/\/informacionlocal.es\/it\/wp-json\/wp\/v2\/comments?post=10823"}],"version-history":[{"count":0,"href":"https:\/\/informacionlocal.es\/it\/wp-json\/wp\/v2\/posts\/10823\/revisions"}],"wp:featuredmedia":[{"embeddable":true,"href":"https:\/\/informacionlocal.es\/it\/wp-json\/wp\/v2\/media\/10825"}],"wp:attachment":[{"href":"https:\/\/informacionlocal.es\/it\/wp-json\/wp\/v2\/media?parent=10823"}],"wp:term":[{"taxonomy":"category","embeddable":true,"href":"https:\/\/informacionlocal.es\/it\/wp-json\/wp\/v2\/categories?post=10823"},{"taxonomy":"post_tag","embeddable":true,"href":"https:\/\/informacionlocal.es\/it\/wp-json\/wp\/v2\/tags?post=10823"}],"curies":[{"name":"wp","href":"https:\/\/api.w.org\/{rel}","templated":true}]}}