{"id":10811,"date":"2025-09-15T13:58:59","date_gmt":"2025-09-15T12:58:59","guid":{"rendered":"https:\/\/informacionlocal.es\/garantizados-los-servicios-minimos-de-guagua-durante-la-huelga-de-conductores-de-los-dias-15-y-16-de-septiembre\/"},"modified":"2025-09-15T13:58:59","modified_gmt":"2025-09-15T12:58:59","slug":"garantizados-los-servicios-minimos-de-guagua-durante-la-huelga-de-conductores-de-los-dias-15-y-16-de-septiembre","status":"publish","type":"post","link":"https:\/\/informacionlocal.es\/it\/garantizados-los-servicios-minimos-de-guagua-durante-la-huelga-de-conductores-de-los-dias-15-y-16-de-septiembre\/","title":{"rendered":"Garantizados los servicios m\u00ednimos de guagua durante la huelga de conductores de los d\u00edas 15 y 16 de septiembre"},"content":{"rendered":"<div class=\"entry-content\"><strong>15 septiembre, 2025<\/strong><\/p>\n<p><em><strong>Se garantiza el 70% del servicio durante ambas jornadas<\/strong><\/em><\/p>\n<p>El Cabildo de Fuerteventura, a trav\u00e9s de la Consejer\u00eda de Transportes, comunica que, ante la huelga general de conductores de la empresa ALSA, concesionaria del servicio de transporte regular interurbano, se garantizar\u00e1n los servicios m\u00ednimos.<\/p>\n<p>La huelga tendr\u00e1 lugar los d\u00edas 15 y 16 de septiembre, de manera general, y los d\u00edas sucesivos con parones intermitentes, pero garantizando el 70% del servicio en todo caso. Para consultar las frecuencias establecidas como servicios m\u00ednimos, se puede visitar la p\u00e1gina web\u00a0https:\/\/tiadhe.com\/todas-las-rutas\/\u00a0o\u00a0https:\/\/www.cabildofuer.es\/cabildo\/areas-tematicas\/transportes-movilidad-y-accesibilidad\/servicio-de-guaguas\/<\/p>\n<p>La huelga, que es de \u00e1mbito provincial y afecta \u00fanicamente a los servicios regulares interurbanos de transporte, se produce a ra\u00edz de que no avancen las negociaciones del convenio colectivo del sector entre el comit\u00e9 de empresa y la patronal.<\/p>\n<\/div>\n","protected":false},"excerpt":{"rendered":"<p>15 septiembre, 2025 Se garantiza el 70% del servicio durante ambas jornadas El Cabildo de Fuerteventura, a trav\u00e9s de la Consejer\u00eda de Transportes, comunica que, ante la huelga general de [&hellip;]<\/p>\n","protected":false},"author":1,"featured_media":10813,"comment_status":"open","ping_status":"open","sticky":false,"template":"","format":"standard","meta":{"inline_featured_image":false,"jnews-multi-image_gallery":[],"jnews_single_post":[],"jnews_primary_category":[],"jnews_social_meta":[],"jnews_override_counter":[],"jnews_post_split":[],"footnotes":""},"categories":[58],"tags":[82,75],"class_list":["post-10811","post","type-post","status-publish","format-standard","has-post-thumbnail","hentry","category-cabildo","tag-fuerteventura","tag-transportes"],"jetpack_featured_media_url":"https:\/\/informacionlocal.es\/wp-content\/uploads\/2025\/09\/huelga_transporte-servicios_page-0002.jpg","_links":{"self":[{"href":"https:\/\/informacionlocal.es\/it\/wp-json\/wp\/v2\/posts\/10811","targetHints":{"allow":["GET"]}}],"collection":[{"href":"https:\/\/informacionlocal.es\/it\/wp-json\/wp\/v2\/posts"}],"about":[{"href":"https:\/\/informacionlocal.es\/it\/wp-json\/wp\/v2\/types\/post"}],"author":[{"embeddable":true,"href":"https:\/\/informacionlocal.es\/it\/wp-json\/wp\/v2\/users\/1"}],"replies":[{"embeddable":true,"href":"https:\/\/informacionlocal.es\/it\/wp-json\/wp\/v2\/comments?post=10811"}],"version-history":[{"count":0,"href":"https:\/\/informacionlocal.es\/it\/wp-json\/wp\/v2\/posts\/10811\/revisions"}],"wp:featuredmedia":[{"embeddable":true,"href":"https:\/\/informacionlocal.es\/it\/wp-json\/wp\/v2\/media\/10813"}],"wp:attachment":[{"href":"https:\/\/informacionlocal.es\/it\/wp-json\/wp\/v2\/media?parent=10811"}],"wp:term":[{"taxonomy":"category","embeddable":true,"href":"https:\/\/informacionlocal.es\/it\/wp-json\/wp\/v2\/categories?post=10811"},{"taxonomy":"post_tag","embeddable":true,"href":"https:\/\/informacionlocal.es\/it\/wp-json\/wp\/v2\/tags?post=10811"}],"curies":[{"name":"wp","href":"https:\/\/api.w.org\/{rel}","templated":true}]}}