{"id":10787,"date":"2025-09-12T20:58:35","date_gmt":"2025-09-12T19:58:35","guid":{"rendered":"https:\/\/informacionlocal.es\/el-cabildo-deniega-el-interes-publico-y-social-del-proyecto-de-planta-fotovoltaica-majorera-i-por-afectar-a-un-terreno-de-gavias\/"},"modified":"2025-09-12T20:58:35","modified_gmt":"2025-09-12T19:58:35","slug":"el-cabildo-deniega-el-interes-publico-y-social-del-proyecto-de-planta-fotovoltaica-majorera-i-por-afectar-a-un-terreno-de-gavias","status":"publish","type":"post","link":"https:\/\/informacionlocal.es\/it\/el-cabildo-deniega-el-interes-publico-y-social-del-proyecto-de-planta-fotovoltaica-majorera-i-por-afectar-a-un-terreno-de-gavias\/","title":{"rendered":"El Cabildo deniega el inter\u00e9s p\u00fablico y social del proyecto de planta fotovoltaica Majorera I, por afectar a un terreno de gavias"},"content":{"rendered":"<div class=\"entry-content\"><strong>12 septiembre, 2025<\/strong><\/p>\n<p><em><strong>El proyecto pretende implantarse en una zona susceptible de inundaciones y en terrenos constituidos, \u00edntegramente, por el sistema tradicional de gavias<\/strong><\/em><\/p>\n<p>El Cabildo de Fuerteventura ha denegado la declaraci\u00f3n de inter\u00e9s p\u00fablico y social del proyecto de planta fotovoltaica \u2018Majorera I\u2019, por situarse en una zona susceptible de inundaciones seg\u00fan el Plan Hidrol\u00f3gico y en terrenos constituidos, \u00edntegramente, por gavias.<\/p>\n<p>As\u00ed lo ha aprobado el \u00faltimo Consejo de Gobierno de la Corporaci\u00f3n insular, que ha acordado denegar la declaraci\u00f3n de inter\u00e9s p\u00fablico y social de dicho proyecto, que afectar\u00eda a una zona situada en la entrada de la localidad de Gran Tarajal, en el municipio de Tuineje.<\/p>\n<p>Los informes de Patrimonio Cultural del Cabildo y Consejo Insular de Aguas resultaron desfavorables. Seg\u00fan apunta el informe del CIAF, se trata de una zona susceptible de inundaci\u00f3n por avenidas ordinarias y afecta a un sistema tradicional como las gavias, por lo que contraviene la planificaci\u00f3n hidrol\u00f3gica insular.<\/p>\n<p>Por su parte, Patrimonio Cultural recuerda que las gavias constituyen un bien cultural relacionado con la actividad agr\u00edcola tradicional de gran valor patrimonial, paisaj\u00edstico e hidrol\u00f3gico.<\/p>\n<p>La presidenta del Cabildo de Fuerteventura, Lola Garc\u00eda, ha insistido en la necesidad de trabajar en un modelo energ\u00e9tico que tenga en cuenta la realidad majorera. \u201cNo vamos a permitir, en ning\u00fan momento, que estos sistemas energ\u00e9ticos impacten negativamente sobre nuestro patrimonio y entornos naturales\u201d.<\/p>\n<p>La consejera de Ordenaci\u00f3n del Territorio, Nereida Calero, recuerda que el Cabildo trabaja, precisamente, en el Plan Territorial Energ\u00e9tico (Plan-TE), con el objetivo de combinar la implantaci\u00f3n de energ\u00edas limpias con la protecci\u00f3n del territorio majorero.<\/p>\n<p>El proyecto de planta fotovoltaica Majorera I ocupar\u00eda una superficie aproximada de 4,3 hect\u00e1reas, utilizando un total de 7.560 m\u00f3dulos fotovoltaicos. Para la evacuaci\u00f3n de la energ\u00eda de la planta, se precisa, adem\u00e1s, la ejecuci\u00f3n de una l\u00ednea hasta subestaci\u00f3n, a trav\u00e9s de l\u00ednea el\u00e9ctrica soterrada.<\/p>\n<\/div>\n","protected":false},"excerpt":{"rendered":"<p>12 septiembre, 2025 El proyecto pretende implantarse en una zona susceptible de inundaciones y en terrenos constituidos, \u00edntegramente, por el sistema tradicional de gavias El Cabildo de Fuerteventura ha denegado [&hellip;]<\/p>\n","protected":false},"author":1,"featured_media":10789,"comment_status":"open","ping_status":"open","sticky":false,"template":"","format":"standard","meta":{"inline_featured_image":false,"jnews-multi-image_gallery":[],"jnews_single_post":[],"jnews_primary_category":[],"jnews_social_meta":[],"jnews_override_counter":[],"jnews_post_split":[],"footnotes":""},"categories":[58],"tags":[82],"class_list":["post-10787","post","type-post","status-publish","format-standard","has-post-thumbnail","hentry","category-cabildo","tag-fuerteventura"],"jetpack_featured_media_url":"https:\/\/informacionlocal.es\/wp-content\/uploads\/2025\/09\/lola-garcc3ada-nereida-calero-3.jpeg","_links":{"self":[{"href":"https:\/\/informacionlocal.es\/it\/wp-json\/wp\/v2\/posts\/10787","targetHints":{"allow":["GET"]}}],"collection":[{"href":"https:\/\/informacionlocal.es\/it\/wp-json\/wp\/v2\/posts"}],"about":[{"href":"https:\/\/informacionlocal.es\/it\/wp-json\/wp\/v2\/types\/post"}],"author":[{"embeddable":true,"href":"https:\/\/informacionlocal.es\/it\/wp-json\/wp\/v2\/users\/1"}],"replies":[{"embeddable":true,"href":"https:\/\/informacionlocal.es\/it\/wp-json\/wp\/v2\/comments?post=10787"}],"version-history":[{"count":0,"href":"https:\/\/informacionlocal.es\/it\/wp-json\/wp\/v2\/posts\/10787\/revisions"}],"wp:featuredmedia":[{"embeddable":true,"href":"https:\/\/informacionlocal.es\/it\/wp-json\/wp\/v2\/media\/10789"}],"wp:attachment":[{"href":"https:\/\/informacionlocal.es\/it\/wp-json\/wp\/v2\/media?parent=10787"}],"wp:term":[{"taxonomy":"category","embeddable":true,"href":"https:\/\/informacionlocal.es\/it\/wp-json\/wp\/v2\/categories?post=10787"},{"taxonomy":"post_tag","embeddable":true,"href":"https:\/\/informacionlocal.es\/it\/wp-json\/wp\/v2\/tags?post=10787"}],"curies":[{"name":"wp","href":"https:\/\/api.w.org\/{rel}","templated":true}]}}