{"id":10781,"date":"2025-09-12T15:58:27","date_gmt":"2025-09-12T14:58:27","guid":{"rendered":"https:\/\/informacionlocal.es\/la-estacion-biologica-de-la-oliva-comienza-un-profundo-proceso-de-adecentamiento\/"},"modified":"2025-09-12T15:58:27","modified_gmt":"2025-09-12T14:58:27","slug":"la-estacion-biologica-de-la-oliva-comienza-un-profundo-proceso-de-adecentamiento","status":"publish","type":"post","link":"https:\/\/informacionlocal.es\/it\/la-estacion-biologica-de-la-oliva-comienza-un-profundo-proceso-de-adecentamiento\/","title":{"rendered":"\ufeffLa Estaci\u00f3n Biol\u00f3gica de La Oliva comienza un profundo proceso de adecentamiento"},"content":{"rendered":"<div class=\"entry-content\"><strong>12 septiembre, 2025<\/strong><\/p>\n<p><strong>La Estaci\u00f3n Biol\u00f3gica de La Oliva comienza un profundo proceso de adecentamiento<\/strong><\/p>\n<p><strong>Las cuadrillas de \u2018Fuerteventura, bonita por naturaleza\u2019 crear\u00e1n una zona de aparcamiento, un nuevo acceso accesible al centro por el Jard\u00edn Canario y zonas de sombra<\/strong><\/p>\n<p><strong> El programa \u2018Bonita\u2019 incluye adem\u00e1s de acciones de limpieza y desbroce en espacios naturales, peque\u00f1as obras que sin embargo aportan una gran mejora a la calidad de un lugar como es el caso de la Estaci\u00f3n Biol\u00f3gica<\/strong><\/p>\n<p>El Cabildo de Fuerteventura, a trav\u00e9s del servicio de Obras y Maquinaria, ha iniciado un proceso de adecentamiento de la Estaci\u00f3n Biol\u00f3gica de La Oliva, una actuaci\u00f3n que forma parte del programa \u2018Fuerteventura, bonita por naturaleza\u2019, \u201cun ambicioso programa para la conservaci\u00f3n y embellecimiento de cada rinc\u00f3n de la isla majorera\u201d, se\u00f1ala la presidenta del Cabildo, Lola Garc\u00eda.<\/p>\n<p>El consejero de Obras y Maquinaria, Blas Acosta, explica que \u201cel programa \u2018Bonita\u2019 incluye adem\u00e1s de acciones de limpieza y desbroce en espacios naturales, peque\u00f1as obras que sin embargo aportan una gran mejora a la calidad de un lugar como es el caso de la Estaci\u00f3n Biol\u00f3gica\u201d.<\/p>\n<p>La Estaci\u00f3n Biol\u00f3gica de La Oliva es un centro de recuperaci\u00f3n de flora salvaje y fauna silvestre, adem\u00e1s de estar dotada con otras capacidades como una sala de necropsia y un aula did\u00e1ctica.<\/p>\n<p>Las obras se emplazan en el interior de la actual Estaci\u00f3n Biol\u00f3gica de La Oliva, concretamente en el aparcamiento, en el terreno junto al almac\u00e9n, en el espacio abierto junto al tarajal blanco y en la zona destinada a exposici\u00f3n del Jard\u00edn Canario.<\/p>\n<p>Las actuaciones principales previstas son tres:<\/p>\n<p>.- Colocaci\u00f3n de diferentes zonas de sombra que mejoren la comodidad de los usuarios, para lo que se adecentar\u00e1 el \u00e1rea y se proceder\u00e1 a la instalaci\u00f3n de p\u00e9rgolas<\/p>\n<p>.- Realizaci\u00f3n de un camino accesible por el Jard\u00edn Canario hasta el Aula de la Naturaleza, para lo que se realizar\u00e1 una nivelaci\u00f3n y adecuaci\u00f3n del terreno con el objetivo de minimizar los desniveles existentes y garantizando una base estable para la posterior pavimentaci\u00f3n. La superficie ser\u00e1 dise\u00f1ada para permitir un tr\u00e1nsito c\u00f3modo, especialmente pensado para personas con movilidad reducida.<\/p>\n<p>.- Preparaci\u00f3n del terreno de un nuevo aparcamiento junto al almac\u00e9n, para lo se realizar\u00e1n trabajos previos como limpieza y retirada de todos los elementos almacenados en dicho espacio. Una vez despejada la zona, se proceder\u00e1 a acondicionar el terreno, nivelando la superficie para eliminar cualquier desnivel. Tras la nivelaci\u00f3n, se llevar\u00e1 a cabo el relleno y compactado del terreno utilizando material granular como recebe.<\/p>\n<p>El encargo \u2018Fuerteventura, bonita por naturaleza\u2019 realizado por el departamento que dirige Blas Acosta a Gesplan contempla actuaciones a largo de 15 meses, entre 2024 y 2025. Durante ambos ejercicios se invertir\u00e1n cuatro millones de euros de financiaci\u00f3n propia en cerca de un centenar de \u201cacciones de cercan\u00eda\u201d que inciden directamente en la conservaci\u00f3n del entorno natural, en la buena percepci\u00f3n de los visitantes y en la calidad de vida de los residentes.<\/p>\n<\/div>\n","protected":false},"excerpt":{"rendered":"<p>12 septiembre, 2025 La Estaci\u00f3n Biol\u00f3gica de La Oliva comienza un profundo proceso de adecentamiento Las cuadrillas de \u2018Fuerteventura, bonita por naturaleza\u2019 crear\u00e1n una zona de aparcamiento, un nuevo acceso [&hellip;]<\/p>\n","protected":false},"author":1,"featured_media":10783,"comment_status":"open","ping_status":"open","sticky":false,"template":"","format":"standard","meta":{"inline_featured_image":false,"jnews-multi-image_gallery":[],"jnews_single_post":[],"jnews_primary_category":[],"jnews_social_meta":[],"jnews_override_counter":[],"jnews_post_split":[],"footnotes":""},"categories":[58],"tags":[82],"class_list":["post-10781","post","type-post","status-publish","format-standard","has-post-thumbnail","hentry","category-cabildo","tag-fuerteventura"],"jetpack_featured_media_url":"https:\/\/informacionlocal.es\/wp-content\/uploads\/2025\/09\/rer.jpeg","_links":{"self":[{"href":"https:\/\/informacionlocal.es\/it\/wp-json\/wp\/v2\/posts\/10781","targetHints":{"allow":["GET"]}}],"collection":[{"href":"https:\/\/informacionlocal.es\/it\/wp-json\/wp\/v2\/posts"}],"about":[{"href":"https:\/\/informacionlocal.es\/it\/wp-json\/wp\/v2\/types\/post"}],"author":[{"embeddable":true,"href":"https:\/\/informacionlocal.es\/it\/wp-json\/wp\/v2\/users\/1"}],"replies":[{"embeddable":true,"href":"https:\/\/informacionlocal.es\/it\/wp-json\/wp\/v2\/comments?post=10781"}],"version-history":[{"count":0,"href":"https:\/\/informacionlocal.es\/it\/wp-json\/wp\/v2\/posts\/10781\/revisions"}],"wp:featuredmedia":[{"embeddable":true,"href":"https:\/\/informacionlocal.es\/it\/wp-json\/wp\/v2\/media\/10783"}],"wp:attachment":[{"href":"https:\/\/informacionlocal.es\/it\/wp-json\/wp\/v2\/media?parent=10781"}],"wp:term":[{"taxonomy":"category","embeddable":true,"href":"https:\/\/informacionlocal.es\/it\/wp-json\/wp\/v2\/categories?post=10781"},{"taxonomy":"post_tag","embeddable":true,"href":"https:\/\/informacionlocal.es\/it\/wp-json\/wp\/v2\/tags?post=10781"}],"curies":[{"name":"wp","href":"https:\/\/api.w.org\/{rel}","templated":true}]}}