{"id":1077,"date":"2025-04-10T17:14:29","date_gmt":"2025-04-10T17:14:29","guid":{"rendered":"https:\/\/informacionlocal.es\/pajara-mostra-il-meglio-del-suo-settore-primario-alla-fiera-feaga-2025\/"},"modified":"2025-04-14T09:44:21","modified_gmt":"2025-04-14T09:44:21","slug":"pajara-mostra-il-meglio-del-suo-settore-primario-alla-fiera-feaga-2025","status":"publish","type":"post","link":"https:\/\/informacionlocal.es\/it\/pajara-mostra-il-meglio-del-suo-settore-primario-alla-fiera-feaga-2025\/","title":{"rendered":"P\u00e1jara mostra il meglio del suo settore primario alla fiera Feaga 2025."},"content":{"rendered":"<div class=\"entry-content\">\n<p><b><i>Con la sua presenza, il Comune promuove la qualit\u00e0 dei prodotti locali e gli sforzi dei suoi produttori.<\/i><\/b><\/p>\n<p><span>  Il Municipio di P\u00e1jara ha inaugurato venerd\u00ec 4 aprile il suo stand alla Fiera dell&#8217;Agricoltura, dell&#8217;Allevamento e della Pesca Feaga 2025, un evento chiave per la promozione e lo sviluppo del settore primario dell&#8217;isola. La fiera, che si tiene presso la Fattoria Sperimentale Pozo Negro nel comune di Antigua, rimarr\u00e0 aperta fino a domenica 6 aprile.   <\/span><\/p>\n<p><span>All&#8217;inaugurazione erano presenti diversi membri della corporazione municipale, tra cui il sindaco di P\u00e1jara, Alejandro Jorge, e l&#8217;assessore al Settore primario, Jos\u00e9 Manuel D\u00edaz.  <\/span><\/p>\n<p><span>L&#8217;assessore al Settore primario, Jos\u00e9 Manuel D\u00edaz, ha dichiarato che &#8220;dal Dipartimento dell&#8217;Agricoltura, dell&#8217;Allevamento e della Pesca vogliamo valorizzare il lavoro quotidiano di coloro che mantengono vive le nostre tradizioni e garantiscono prodotti freschi e di qualit\u00e0. Puntare sui prodotti locali significa rafforzare la nostra economia, prendersi cura del nostro territorio e sostenere un modello sostenibile&#8221;. Ha inoltre sottolineato che &#8220;dobbiamo continuare a sostenere e consumare i nostri prodotti per garantire il futuro del settore primario e della nostra comunit\u00e0&#8221;.   <\/span><\/p>\n<p><span>Da parte sua, il sindaco di P\u00e1jara, Alejandro Jorge, ha sottolineato l&#8217;impegno del Comune nei confronti dei produttori locali. &#8220;Lo stand di P\u00e1jara \u00e8 il riflesso dello sforzo continuo della nostra gente, che lavora con dedizione per portare ai consumatori il meglio della nostra campagna e del nostro mare&#8221;. Ha inoltre sottolineato che &#8220;questo evento \u00e8 una piattaforma per rafforzare i legami e consolidare la nostra identit\u00e0 come comune&#8221;.    <\/span><\/p>\n<p><span>In questa nuova edizione, lo stand di P\u00e1jara \u00e8 stato progettato per mettere in evidenza la ricchezza e la variet\u00e0 dei prodotti locali. Questo spazio vuole evidenziare lo sforzo e la dedizione degli agricoltori, degli allevatori e dei pescatori del comune.   <\/span><\/p>\n<\/p>\n<div>Condividi<\/div>\n<\/div>\n","protected":false},"excerpt":{"rendered":"<p><i>Con la sua presenza, il Comune promuove la qualit\u00e0 dei prodotti locali e gli sforzi dei suoi produttori.<\/i><\/p>\n","protected":false},"author":1,"featured_media":640,"comment_status":"open","ping_status":"open","sticky":false,"template":"","format":"standard","meta":{"inline_featured_image":false,"jnews-multi-image_gallery":[],"jnews_single_post":[],"jnews_primary_category":[],"jnews_social_meta":[],"jnews_override_counter":[],"jnews_post_split":[],"footnotes":""},"categories":[298],"tags":[205,202,224,238,223],"class_list":["post-1077","post","type-post","status-publish","format-standard","has-post-thumbnail","hentry","category-pajara-it","tag-ambiente","tag-comuni","tag-cultura-e-tempo-libero","tag-eventi","tag-fuerteventura-it"],"jetpack_featured_media_url":"https:\/\/informacionlocal.es\/wp-content\/uploads\/2025\/04\/feaga-20251.jpeg","_links":{"self":[{"href":"https:\/\/informacionlocal.es\/it\/wp-json\/wp\/v2\/posts\/1077","targetHints":{"allow":["GET"]}}],"collection":[{"href":"https:\/\/informacionlocal.es\/it\/wp-json\/wp\/v2\/posts"}],"about":[{"href":"https:\/\/informacionlocal.es\/it\/wp-json\/wp\/v2\/types\/post"}],"author":[{"embeddable":true,"href":"https:\/\/informacionlocal.es\/it\/wp-json\/wp\/v2\/users\/1"}],"replies":[{"embeddable":true,"href":"https:\/\/informacionlocal.es\/it\/wp-json\/wp\/v2\/comments?post=1077"}],"version-history":[{"count":1,"href":"https:\/\/informacionlocal.es\/it\/wp-json\/wp\/v2\/posts\/1077\/revisions"}],"predecessor-version":[{"id":1459,"href":"https:\/\/informacionlocal.es\/it\/wp-json\/wp\/v2\/posts\/1077\/revisions\/1459"}],"wp:featuredmedia":[{"embeddable":true,"href":"https:\/\/informacionlocal.es\/it\/wp-json\/wp\/v2\/media\/640"}],"wp:attachment":[{"href":"https:\/\/informacionlocal.es\/it\/wp-json\/wp\/v2\/media?parent=1077"}],"wp:term":[{"taxonomy":"category","embeddable":true,"href":"https:\/\/informacionlocal.es\/it\/wp-json\/wp\/v2\/categories?post=1077"},{"taxonomy":"post_tag","embeddable":true,"href":"https:\/\/informacionlocal.es\/it\/wp-json\/wp\/v2\/tags?post=1077"}],"curies":[{"name":"wp","href":"https:\/\/api.w.org\/{rel}","templated":true}]}}