{"id":10769,"date":"2025-09-12T13:58:26","date_gmt":"2025-09-12T12:58:26","guid":{"rendered":"https:\/\/informacionlocal.es\/braulio-celebra-ocho-decadas-de-vida-con-un-concierto-gratuito-en-fuerteventura\/"},"modified":"2025-09-12T13:58:26","modified_gmt":"2025-09-12T12:58:26","slug":"braulio-celebra-ocho-decadas-de-vida-con-un-concierto-gratuito-en-fuerteventura","status":"publish","type":"post","link":"https:\/\/informacionlocal.es\/it\/braulio-celebra-ocho-decadas-de-vida-con-un-concierto-gratuito-en-fuerteventura\/","title":{"rendered":"Braulio celebra ocho d\u00e9cadas de vida con un concierto gratuito en Fuerteventura"},"content":{"rendered":"<div class=\"entry-content\"><strong>12 septiembre, 2025<\/strong><\/p>\n<p><strong><em>El cantautor canario ofrecer\u00e1 un espect\u00e1culo especial que recorre su trayectoria art\u00edstica durante m\u00e1s de cinco d\u00e9cadas<\/em><\/strong><\/p>\n<p>El cantautor canario Braulio, reconocido internacionalmente, ofrece un concierto gratuito ma\u00f1ana, s\u00e1bado, 13 de septiembre, a las 21.00 horas, en el Palacio de Formaci\u00f3n y Congresos de Fuerteventura. Un evento organizado por el Instituto Canario de Desarrollo Cultural del Gobierno de Canarias, junto con la Consejer\u00eda de Cultura del Cabildo insular.\u00a0Las entradas se pueden obtener de manera gratuita en\u00a0culturafuerteventura.es, mediante una fianza de 10 euros.<\/p>\n<p>Representantes del Cabildo de Fuerteventura y del Gobierno de Canarias han dado la bienvenida, en la ma\u00f1ana de hoy, a uno de los artistas m\u00e1s reconocidos de Canarias, que celebra sus ochenta a\u00f1os de vida y m\u00e1s de cincuenta de carrera musical con un concierto muy especial.<\/p>\n<p>El consejero de Cultura, Rayco de Le\u00f3n, ha recalcado que \u201cBraulio es un artista referente en el mundo musical canario que celebra sus 80 a\u00f1os de vida con un concierto en Fuerteventura, isla a la que le ha dedicado una canci\u00f3n\u201d.<\/p>\n<p>Seg\u00fan el viceconsejero de Cultura del Gobierno de Canarias, Horacio Umpi\u00e9rrez, \u201ccelebramos ocho d\u00e9cadas de una historia esencial de alguien que ha conformado la identidad cultural de Canarias, algo que es completamente indiscutible\u201d.<\/p>\n<p>El cantautor, Braulio, ha agradecido poder celebrar sus ochenta a\u00f1os con un concierto que promete una noche especial para compartir m\u00fasica y emociones con el pueblo canario. Asimismo, explic\u00f3 que la canci\u00f3n \u2018All\u00ed, en Fuerteventura\u2019, fue lanzada este mismo a\u00f1o y relata una historia de amor en la isla majorera. \u00a0<\/p>\n<p>El espect\u00e1culo, titulado \u2018Braulio. 8 d\u00e9cadas\u2019, incluye m\u00fasica en vivo y un montaje esc\u00e9nico dise\u00f1ado para ofrecer al p\u00fablico una experiencia \u00fanica, recorriendo los grandes \u00e9xitos que han marcado la carrera del cantautor. La cita busca emocionar a los asistentes, acercando su obra a varias generaciones y resaltando la conexi\u00f3n entre la m\u00fasica y la cultura canaria.<\/p>\n<\/div>\n","protected":false},"excerpt":{"rendered":"<p>12 septiembre, 2025 El cantautor canario ofrecer\u00e1 un espect\u00e1culo especial que recorre su trayectoria art\u00edstica durante m\u00e1s de cinco d\u00e9cadas El cantautor canario Braulio, reconocido internacionalmente, ofrece un concierto gratuito [&hellip;]<\/p>\n","protected":false},"author":1,"featured_media":10771,"comment_status":"open","ping_status":"open","sticky":false,"template":"","format":"standard","meta":{"inline_featured_image":false,"jnews-multi-image_gallery":[],"jnews_single_post":[],"jnews_primary_category":[],"jnews_social_meta":[],"jnews_override_counter":[],"jnews_post_split":[],"footnotes":""},"categories":[58],"tags":[82],"class_list":["post-10769","post","type-post","status-publish","format-standard","has-post-thumbnail","hentry","category-cabildo","tag-fuerteventura"],"jetpack_featured_media_url":"https:\/\/informacionlocal.es\/wp-content\/uploads\/2025\/09\/1757681270-9e2cf596f33e03d627647372278b7794.jpg","_links":{"self":[{"href":"https:\/\/informacionlocal.es\/it\/wp-json\/wp\/v2\/posts\/10769","targetHints":{"allow":["GET"]}}],"collection":[{"href":"https:\/\/informacionlocal.es\/it\/wp-json\/wp\/v2\/posts"}],"about":[{"href":"https:\/\/informacionlocal.es\/it\/wp-json\/wp\/v2\/types\/post"}],"author":[{"embeddable":true,"href":"https:\/\/informacionlocal.es\/it\/wp-json\/wp\/v2\/users\/1"}],"replies":[{"embeddable":true,"href":"https:\/\/informacionlocal.es\/it\/wp-json\/wp\/v2\/comments?post=10769"}],"version-history":[{"count":0,"href":"https:\/\/informacionlocal.es\/it\/wp-json\/wp\/v2\/posts\/10769\/revisions"}],"wp:featuredmedia":[{"embeddable":true,"href":"https:\/\/informacionlocal.es\/it\/wp-json\/wp\/v2\/media\/10771"}],"wp:attachment":[{"href":"https:\/\/informacionlocal.es\/it\/wp-json\/wp\/v2\/media?parent=10769"}],"wp:term":[{"taxonomy":"category","embeddable":true,"href":"https:\/\/informacionlocal.es\/it\/wp-json\/wp\/v2\/categories?post=10769"},{"taxonomy":"post_tag","embeddable":true,"href":"https:\/\/informacionlocal.es\/it\/wp-json\/wp\/v2\/tags?post=10769"}],"curies":[{"name":"wp","href":"https:\/\/api.w.org\/{rel}","templated":true}]}}