{"id":10759,"date":"2025-09-12T12:58:31","date_gmt":"2025-09-12T11:58:31","guid":{"rendered":"https:\/\/informacionlocal.es\/presentacion-del-libro-con-dos-ovarios-bien-puestos-de-yaiza-garcia-losada\/"},"modified":"2025-09-12T12:58:31","modified_gmt":"2025-09-12T11:58:31","slug":"presentacion-del-libro-con-dos-ovarios-bien-puestos-de-yaiza-garcia-losada","status":"publish","type":"post","link":"https:\/\/informacionlocal.es\/it\/presentacion-del-libro-con-dos-ovarios-bien-puestos-de-yaiza-garcia-losada\/","title":{"rendered":"Presentaci\u00f3n del libro \u201cCon Dos Ovarios Bien Puestos\u201d de Yaiza Garc\u00eda Losada"},"content":{"rendered":"<div class=\"entry-content\">\n<ul>\n<li><strong>Las personas interesadas pueden reservar plaza llamando a los tel\u00e9fonos: 928 040 086 \/ 650 836 387 o a trav\u00e9s del correo electr\u00f3nico:\u00a0bibliofeministalorenza@arenaylaurisilva.org<\/strong><strong>\u00a0<\/strong><\/li>\n<\/ul>\n<p><strong>En Puerto del Rosario, a 12 de septiembre de 2025.-<\/strong> El pr\u00f3ximo martes, 16 de septiembre a las 17:00 horas, se presenta en la Casa de la Cultura de Puerto del Rosario (C. Ramiro de Maeztu, 2) el libro de Yaiza Garc\u00eda Losada, \u201cCon Dos Ovarios Bien Puestos\u201d.<\/p>\n<p>Yaiza Garc\u00eda, tambi\u00e9n conocida como OMMAYAI, es mujer, madre y escritora. Este libro surge de la necesidad de poner voz a lo que muchas mujeres sienten al olvidarse de s\u00ed mismas para cuidar de los dem\u00e1s. A trav\u00e9s de sus p\u00e1ginas, comparte experiencias reales, propias y heredadas de nuestras madres y abuelas, con la intenci\u00f3n de acompa\u00f1ar a cada lectora en el camino de volver a su esencia.<\/p>\n<p>La presentaci\u00f3n de esta obra se retransmitir\u00e1 en directo, a trav\u00e9s de la cuenta de Instagram<em> @bibliofeministalorenza<\/em>, y contar\u00e1 con la presencia de la autora.<\/p>\n<p><img loading=\"lazy\" decoding=\"async\" loading=\"lazy\" class=\"size-large wp-image-157012 aligncenter\" src=\"https:\/\/informacionlocal.es\/wp-content\/uploads\/2025\/09\/presentacion-libro-2025_yaiza-819x1024-1.png\" width=\"819\" height=\"1024\" title=\"presentacion-libro-2025_yaiza-819x1024-1\"><\/p>\n<p>Para asistir a esta actividad las personas interesadas pueden reservar plaza llamando a los tel\u00e9fonos: <strong>928 040 086 \/ 650 836 387<\/strong> o a trav\u00e9s del correo electr\u00f3nico:\u00a0<strong>bibliofeministalorenza@arenaylaurisilva.org<\/strong><\/p>\n<p>Proyecto financiado por la Concejal\u00eda de Igualdad, Diversidad y LGTBI del Ayuntamiento de Puerto del Rosario.<\/p>\n<\/div>\n","protected":false},"excerpt":{"rendered":"<p>Las personas interesadas pueden reservar plaza llamando a los tel\u00e9fonos: 928 040 086 \/ 650 836 387 o a trav\u00e9s del correo electr\u00f3nico:\u00a0bibliofeministalorenza@arenaylaurisilva.org\u00a0 En Puerto del Rosario, a 12 de [&hellip;]<\/p>\n","protected":false},"author":1,"featured_media":10761,"comment_status":"open","ping_status":"open","sticky":false,"template":"","format":"standard","meta":{"inline_featured_image":false,"jnews-multi-image_gallery":[],"jnews_single_post":[],"jnews_primary_category":[],"jnews_social_meta":[],"jnews_override_counter":[],"jnews_post_split":[],"footnotes":""},"categories":[61],"tags":[],"class_list":["post-10759","post","type-post","status-publish","format-standard","has-post-thumbnail","hentry","category-puerto-del-rosario"],"jetpack_featured_media_url":"https:\/\/informacionlocal.es\/wp-content\/uploads\/2025\/09\/presentacion-libro-1-1.png","_links":{"self":[{"href":"https:\/\/informacionlocal.es\/it\/wp-json\/wp\/v2\/posts\/10759","targetHints":{"allow":["GET"]}}],"collection":[{"href":"https:\/\/informacionlocal.es\/it\/wp-json\/wp\/v2\/posts"}],"about":[{"href":"https:\/\/informacionlocal.es\/it\/wp-json\/wp\/v2\/types\/post"}],"author":[{"embeddable":true,"href":"https:\/\/informacionlocal.es\/it\/wp-json\/wp\/v2\/users\/1"}],"replies":[{"embeddable":true,"href":"https:\/\/informacionlocal.es\/it\/wp-json\/wp\/v2\/comments?post=10759"}],"version-history":[{"count":0,"href":"https:\/\/informacionlocal.es\/it\/wp-json\/wp\/v2\/posts\/10759\/revisions"}],"wp:featuredmedia":[{"embeddable":true,"href":"https:\/\/informacionlocal.es\/it\/wp-json\/wp\/v2\/media\/10761"}],"wp:attachment":[{"href":"https:\/\/informacionlocal.es\/it\/wp-json\/wp\/v2\/media?parent=10759"}],"wp:term":[{"taxonomy":"category","embeddable":true,"href":"https:\/\/informacionlocal.es\/it\/wp-json\/wp\/v2\/categories?post=10759"},{"taxonomy":"post_tag","embeddable":true,"href":"https:\/\/informacionlocal.es\/it\/wp-json\/wp\/v2\/tags?post=10759"}],"curies":[{"name":"wp","href":"https:\/\/api.w.org\/{rel}","templated":true}]}}