{"id":10741,"date":"2025-09-11T20:59:40","date_gmt":"2025-09-11T19:59:40","guid":{"rendered":"https:\/\/informacionlocal.es\/ramiro-blas-apadrina-la-cuarta-edicion-del-premio-fuerteventura-plato-de-cine-natural-del-notodofilmfest\/"},"modified":"2025-09-11T20:59:40","modified_gmt":"2025-09-11T19:59:40","slug":"ramiro-blas-apadrina-la-cuarta-edicion-del-premio-fuerteventura-plato-de-cine-natural-del-notodofilmfest","status":"publish","type":"post","link":"https:\/\/informacionlocal.es\/it\/ramiro-blas-apadrina-la-cuarta-edicion-del-premio-fuerteventura-plato-de-cine-natural-del-notodofilmfest\/","title":{"rendered":"\ufeffRamiro Blas apadrina la cuarta edici\u00f3n del \u2018Premio Fuerteventura Plat\u00f3 de Cine Natural\u2019 del Notodofilmfest"},"content":{"rendered":"<div class=\"entry-content\"><strong>11 septiembre, 2025<\/strong><\/p>\n<p><em><strong>El actor ha presentado su cortometraje PLAN\u00c4NDERUNG (Cambio de Plan), que ha contado con un equipo formado, \u00edntegramente, por profesionales de Fuerteventura<\/strong><\/em><\/p>\n<p>Fuerteventura Film Commission y el festival de cortometrajes en internet Notodofilmfest vuelven a unir fuerzas en la cuarta edici\u00f3n del Premio Fuerteventura Plat\u00f3 de Cine Natural, una categor\u00eda del certamen que convierte a la Isla en protagonista y fuente de inspiraci\u00f3n para los cineastas. Este a\u00f1o el premio es apadrinado por el actor argentino, Ramiro Blas, que se ha puesto detr\u00e1s de las c\u00e1maras para dirigir el cortometraje\u00a0PLAN\u00c4NDERUNG (Cambio de Plan), rodado en Fuerteventura y contando con un equipo profesional \u00edntegro de la Isla para su realizaci\u00f3n.<\/p>\n<p>Este trabajo fue presentado hoy por el autor, acompa\u00f1ado por la presidenta insular, Lola Garc\u00eda, y la consejera de Fuerteventura Film Commission, Nereida Calero.<\/p>\n<p>Garc\u00eda se\u00f1al\u00f3 que, con este premio, \u201cbuscamos no s\u00f3lo potenciar el talento local, sino tambi\u00e9n fortalecer la industria cinematogr\u00e1fica como motor econ\u00f3mico y cultural en Fuerteventura\u201d. \u201cNuestra isla, con sus paisajes \u00fanicos y su luz incomparable, se convierte una vez m\u00e1s en el escenario perfecto para contar historias que emocionen e inspiren. Unos paisajes que debemos proteger\u201d.<\/p>\n<p>La consejera de FFC, Nereida Calero, agradeci\u00f3 a Ramiro Blas por apadrinar esta edici\u00f3n del premio, \u201cya que su participaci\u00f3n servir\u00e1 para seguir dando impulso al Premio Fuerteventura Plat\u00f3 de Cine Natural que busca estimular la creatividad audiovisual y dar a conocer los paisajes de la Isla como inspiraci\u00f3n y escenario\u201d. Asimismo, Calero anim\u00f3 a todas las personas interesadas a participar, optando no s\u00f3lo al Premio Fuerteventura Plat\u00f3 de Cine Natural, sino a todos los premios generales del festival, que se otorgar\u00e1n en enero de 2026 en Cines Callao de Madrid.<\/p>\n<p>Ramiro Blas, actor y presentador argentino, reconocido por sus papeles en las series\u00a0<em>Vis a Vis<\/em>\u00a0o\u00a0<em>El Internado: Las Cumbres<\/em>, se declar\u00f3 enamorado de Fuerteventura.\u00a0<\/p>\n<p>En 2023, Blas trabaj\u00f3 en la pel\u00edcula\u00a0<em>Islands<\/em>, producci\u00f3n alemana rodada \u00edntegramente en Fuerteventura por el director Jan-Ole Gerster. \u201cAl llegar a la Isla en esa ocasi\u00f3n, me sent\u00ed abrazado por su gente y por su naturaleza sin parang\u00f3n. Algo que pude conjugar con la gran pasi\u00f3n de mi vida\u201d. Por lo tanto, \u201ccuando me invitaron a apadrinar el premio Fuerteventura Plat\u00f3 Natural de Cine no pude negarme. Quer\u00eda expresar lo que hace diferente a Fuerteventura del resto de las islas y su entorno incomparable\u201d.<\/p>\n<p>Ramiro Blas explic\u00f3 que \u201cpara la grabaci\u00f3n del cortometraje, se ha contado con profesionales y personas de la Isla. Era importante utilizar el material humano y personal de Fuerteventura, una gente con un enorme talento y riqueza\u201d. Parte de ese equipo estuvo presente en la presentaci\u00f3n, quienes expresaron el placer que ha supuesto trabajar con Ramiro, con un cortometraje que utiliza la comedia y utiliza recursos como el cambio de plano para mostrar la calidad de los rodajes en Fuerteventura.<\/p>\n<p>El equipo estuvo formado Ramiro Blas (director), Pedro Estoico (productor), Iv\u00e1n Alonso (c\u00e1mara y edici\u00f3n), Jos\u00e9 Luis Valdivia y Mar\u00eda Soto (sonido), Miguel Letang (arte), Bruno Pacienza (asistente de c\u00e1mara), Marilyn Bautista (maquillaje y peluquer\u00eda) y Nomi Bonken (actriz).<\/p>\n<p><strong>Inscripci\u00f3n y bases<\/strong><\/p>\n<p>El plazo de recepci\u00f3n de proyectos del Notodofilmfest finalizar\u00e1 el jueves 9 de octubre. Toda la informaci\u00f3n puede consultarse en la p\u00e1gina web del festival:\u00a0https:\/\/www.notodofilmfest.com\/el-festival\/bases-legales\/<\/p>\n<p>Para cualquier informaci\u00f3n, las personas interesadas pueden ponerse en contacto con Fuerteventura Film Commission.<\/p>\n<p><strong>El premio est\u00e1 abierto a todos los cortometrajes filmados en Fuerteventura, con un premio de 1.000 euros para la obra ganadora.\u00a0<\/strong>Cada cortometraje debe ser in\u00e9dito, tener una duraci\u00f3n m\u00e1xima de tres minutos y medio y estar subtitulados al ingl\u00e9s. No hay l\u00edmite de participaci\u00f3n por autor.<\/p>\n<p>Creado en 2001, Notodofilmfest es una de las convocatorias online m\u00e1s conocidas, nacida con la vocaci\u00f3n de apoyar y servir de escaparate a los j\u00f3venes creadores audiovisuales a trav\u00e9s de internet.<\/p>\n<\/div>\n","protected":false},"excerpt":{"rendered":"<p>11 septiembre, 2025 El actor ha presentado su cortometraje PLAN\u00c4NDERUNG (Cambio de Plan), que ha contado con un equipo formado, \u00edntegramente, por profesionales de Fuerteventura Fuerteventura Film Commission y el [&hellip;]<\/p>\n","protected":false},"author":1,"featured_media":10743,"comment_status":"open","ping_status":"open","sticky":false,"template":"","format":"standard","meta":{"inline_featured_image":false,"jnews-multi-image_gallery":[],"jnews_single_post":[],"jnews_primary_category":[],"jnews_social_meta":[],"jnews_override_counter":[],"jnews_post_split":[],"footnotes":""},"categories":[58],"tags":[68,82],"class_list":["post-10741","post","type-post","status-publish","format-standard","has-post-thumbnail","hentry","category-cabildo","tag-convocatorias","tag-fuerteventura"],"jetpack_featured_media_url":"https:\/\/informacionlocal.es\/wp-content\/uploads\/2025\/09\/rgrg.jpeg","_links":{"self":[{"href":"https:\/\/informacionlocal.es\/it\/wp-json\/wp\/v2\/posts\/10741","targetHints":{"allow":["GET"]}}],"collection":[{"href":"https:\/\/informacionlocal.es\/it\/wp-json\/wp\/v2\/posts"}],"about":[{"href":"https:\/\/informacionlocal.es\/it\/wp-json\/wp\/v2\/types\/post"}],"author":[{"embeddable":true,"href":"https:\/\/informacionlocal.es\/it\/wp-json\/wp\/v2\/users\/1"}],"replies":[{"embeddable":true,"href":"https:\/\/informacionlocal.es\/it\/wp-json\/wp\/v2\/comments?post=10741"}],"version-history":[{"count":0,"href":"https:\/\/informacionlocal.es\/it\/wp-json\/wp\/v2\/posts\/10741\/revisions"}],"wp:featuredmedia":[{"embeddable":true,"href":"https:\/\/informacionlocal.es\/it\/wp-json\/wp\/v2\/media\/10743"}],"wp:attachment":[{"href":"https:\/\/informacionlocal.es\/it\/wp-json\/wp\/v2\/media?parent=10741"}],"wp:term":[{"taxonomy":"category","embeddable":true,"href":"https:\/\/informacionlocal.es\/it\/wp-json\/wp\/v2\/categories?post=10741"},{"taxonomy":"post_tag","embeddable":true,"href":"https:\/\/informacionlocal.es\/it\/wp-json\/wp\/v2\/tags?post=10741"}],"curies":[{"name":"wp","href":"https:\/\/api.w.org\/{rel}","templated":true}]}}